{"id":146,"date":"2007-09-28T11:31:00","date_gmt":"2007-09-28T09:31:00","guid":{"rendered":"http:\/\/www.konstantin-goerlich.de\/wordpress\/2007\/09\/28\/datenschutz-kollektiviert\/"},"modified":"2007-09-28T11:31:00","modified_gmt":"2007-09-28T09:31:00","slug":"datenschutz-kollektiviert","status":"publish","type":"post","link":"https:\/\/www.konstantin-goerlich.de\/wordpress\/2007\/09\/28\/datenschutz-kollektiviert\/","title":{"rendered":"Datenschutz, kollektiviert."},"content":{"rendered":"<p><a href=\"http:\/\/www.u-asta.uni-freiburg.de\/engagement\/aks\/datenschutz\/widerspruch-melderegisterauskunft.pdf\" target=\"_blank\"><img decoding=\"async\" align=\"right\" id=\"image145\" src=\"https:\/\/www.konstantin-goerlich.de\/wordpress\/wp-content\/uploads\/2007\/09\/formular.jpg\" alt=\"formular.jpg\"><\/img><\/a>Ein <i>Freiburger Datenschutzkollektiv<\/i> informiert in einem zweiseitigen <a href=\"http:\/\/www.u-asta.uni-freiburg.de\/engagement\/aks\/datenschutz\/widerspruch-melderegisterauskunft.pdf\" target=\"_blank\">Schreiben<\/a> \u00fcber die am Montag (vermeintlich) endende Widerspruchsfrist gegen Online-Ausk\u00fcnfte \u00fcber Einwohnermeldedaten. Nat\u00fcrlich kann man auch nach dem 1.10. noch widersprechen, aber wer ganz <i>ganz<\/i> sicher gehen will, der sollte tats\u00e4chlich noch vorher das dem Schreiben beigef\u00fcgte Formular verwenden. Andernfalls werden ab Montag die pers\u00f6nlichen Daten \u00fcber ein neues Online-Portal verkauft &#8211; f\u00fcr 8 Euro pro <s>Kunde<\/s> B\u00fcrger. Adresshandel als neues Kerngesch\u00e4ft?<br \/>\nAu\u00dfer gegen diese sogenannten Gruppenausk\u00fcnfte, gegen die die \u00dcbermittlungssperre hilft, gibt es auch die Option, sich gegen Einzelausk\u00fcnfte mittels einer Auskunftssperre zur Wehr zu setzen. Hierf\u00fcr verlangt der Gesetzgeber jedoch ein besonderes pers\u00f6nliches Interesse, zum Beispiel eine Gefahr f\u00fcr die pers\u00f6nliche Sicherheit. Ob das Recht auf informationelle Selbstbestimmung hier ausreicht darf zumindest angezweifelt werden. Da\u00df es generell nicht ausreicht, w\u00e4re allerdings ebenfalls nur schwer vorstellbar. Es bleibt also spannend, und den hinter dem <i>Freiburger Datenschutzkollektiv<\/i> steckenden engagierten K\u00f6pfen d\u00fcrfte auch in Zukunft die Arbeit nicht ausgehen.<br \/>\u00dcbrigens gibt es das Problem nat\u00fcrlich nicht nur in Freiburg sondern in ganz Baden-W\u00fcrttemberg (und vermutlich in \u00e4hnlicher Form auch in anderen Bundesl\u00e4ndern). Wer bei einer anderen Meldebeh\u00f6rde als in Freiburg gemeldet ist ben\u00f6tigt TippEx. Selbst eintragen kann man in dem Formular n\u00e4mlich nur die eigene Adresse &#8230;<\/p>\n","protected":false},"excerpt":{"rendered":"<p>Ein Freiburger Datenschutzkollektiv informiert in einem zweiseitigen Schreiben \u00fcber die am Montag (vermeintlich) endende Widerspruchsfrist gegen Online-Ausk\u00fcnfte \u00fcber Einwohnermeldedaten. Nat\u00fcrlich kann man auch nach dem 1.10. noch widersprechen, aber wer ganz ganz sicher gehen will, der sollte tats\u00e4chlich noch vorher das dem Schreiben beigef\u00fcgte Formular verwenden. Andernfalls werden ab Montag die pers\u00f6nlichen Daten \u00fcber ein &#8230; <\/p>\n<p class=\"read-more-container\"><a title=\"Datenschutz, kollektiviert.\" class=\"read-more button\" href=\"https:\/\/www.konstantin-goerlich.de\/wordpress\/2007\/09\/28\/datenschutz-kollektiviert\/#more-146\" aria-label=\"Mehr Informationen \u00fcber Datenschutz, kollektiviert.\">weiterlesen<\/a><\/p>\n","protected":false},"author":1,"featured_media":0,"comment_status":"open","ping_status":"open","sticky":false,"template":"","format":"standard","meta":{"footnotes":""},"categories":[1],"tags":[],"_links":{"self":[{"href":"https:\/\/www.konstantin-goerlich.de\/wordpress\/wp-json\/wp\/v2\/posts\/146"}],"collection":[{"href":"https:\/\/www.konstantin-goerlich.de\/wordpress\/wp-json\/wp\/v2\/posts"}],"about":[{"href":"https:\/\/www.konstantin-goerlich.de\/wordpress\/wp-json\/wp\/v2\/types\/post"}],"author":[{"embeddable":true,"href":"https:\/\/www.konstantin-goerlich.de\/wordpress\/wp-json\/wp\/v2\/users\/1"}],"replies":[{"embeddable":true,"href":"https:\/\/www.konstantin-goerlich.de\/wordpress\/wp-json\/wp\/v2\/comments?post=146"}],"version-history":[{"count":0,"href":"https:\/\/www.konstantin-goerlich.de\/wordpress\/wp-json\/wp\/v2\/posts\/146\/revisions"}],"wp:attachment":[{"href":"https:\/\/www.konstantin-goerlich.de\/wordpress\/wp-json\/wp\/v2\/media?parent=146"}],"wp:term":[{"taxonomy":"category","embeddable":true,"href":"https:\/\/www.konstantin-goerlich.de\/wordpress\/wp-json\/wp\/v2\/categories?post=146"},{"taxonomy":"post_tag","embeddable":true,"href":"https:\/\/www.konstantin-goerlich.de\/wordpress\/wp-json\/wp\/v2\/tags?post=146"}],"curies":[{"name":"wp","href":"https:\/\/api.w.org\/{rel}","templated":true}]}}