{"id":144,"date":"2007-09-13T15:39:56","date_gmt":"2007-09-13T13:39:56","guid":{"rendered":"http:\/\/www.konstantin-goerlich.de\/wordpress\/2007\/09\/13\/umbenannt\/"},"modified":"2007-09-13T19:14:40","modified_gmt":"2007-09-13T17:14:40","slug":"umbenannt","status":"publish","type":"post","link":"https:\/\/www.konstantin-goerlich.de\/wordpress\/2007\/09\/13\/umbenannt\/","title":{"rendered":"Umbenannt."},"content":{"rendered":"<p><img decoding=\"async\" id=\"image143\" style=\"max-width:600px; width:100%\" src=\"https:\/\/www.konstantin-goerlich.de\/wordpress\/wp-content\/uploads\/2007\/09\/werthmannstrasse_platzderun.jpg\" alt=\"werthmannstrasse_platzderun.jpg\"><\/img><br \/>\nSie haben <a href=\"https:\/\/www.konstantin-goerlich.de\/wordpress\/2007\/03\/30\/freiburg-deine-schilda\/\" target=\"_blank\">es<\/a> getan. Seit gestern gibt es in Freiburg tats\u00e4chlich keinen Werderring mehr. Zum 550. Geburtstag <s>J\u00e4gers<\/s> der Uni wurde der Werthmannplatz in Platz der Universit\u00e4t (rechts, mit schicker UB im Hintergrund) umbenannt. Der Werderring hei\u00dft nun Werthmannstra\u00dfe (links, mit schicker Villa im Hintergrund), und Werder &#8230; hat keine Stra\u00dfe mehr in Freiburg.<br \/>Werthmann ist einfach politisch korrekter als der alte General Werder, der 1870 als Oberbefehlshaber der Belagerungstruppen um Stra\u00dfburg nicht nur, wie allseits bekannt, f\u00fcr die Zerst\u00f6rung der Staatsbibliothek sondern auch f\u00fcr Tod und Leid unter der Zivilbev\u00f6lkerung der sp\u00e4teren Landeshauptstadt von Elsass-Lothringen verantwortlich war. Die gro\u00dfe Popularit\u00e4t in Baden und damit auch die Widmung zahlreicher Stra\u00dfen, so auch des Werderrings, brachte ihm eine andere Waffentat ein: Im Januar 1871 konnte er die viel st\u00e4rkere franz\u00f6sische Ostarmee an der Lisaine in die Flucht schlagen.<br \/>Nun gibt der im April 1921 in Freiburg verstorbene Lorenz Werthmann der Allee seinen Namen. Der Priester und Sozialpolitiker zeichnet f\u00fcr weitaus menschlicheres verantwortlich: Er ist der Gr\u00fcnder des Caritasverbandes.<\/p>\n","protected":false},"excerpt":{"rendered":"<p>Sie haben es getan. Seit gestern gibt es in Freiburg tats\u00e4chlich keinen Werderring mehr. Zum 550. Geburtstag J\u00e4gers der Uni wurde der Werthmannplatz in Platz der Universit\u00e4t (rechts, mit schicker UB im Hintergrund) umbenannt. Der Werderring hei\u00dft nun Werthmannstra\u00dfe (links, mit schicker Villa im Hintergrund), und Werder &#8230; hat keine Stra\u00dfe mehr in Freiburg.Werthmann ist &#8230; <\/p>\n<p class=\"read-more-container\"><a title=\"Umbenannt.\" class=\"read-more button\" href=\"https:\/\/www.konstantin-goerlich.de\/wordpress\/2007\/09\/13\/umbenannt\/#more-144\" aria-label=\"Mehr Informationen \u00fcber Umbenannt.\">weiterlesen<\/a><\/p>\n","protected":false},"author":1,"featured_media":0,"comment_status":"open","ping_status":"open","sticky":false,"template":"","format":"standard","meta":{"footnotes":""},"categories":[1],"tags":[],"_links":{"self":[{"href":"https:\/\/www.konstantin-goerlich.de\/wordpress\/wp-json\/wp\/v2\/posts\/144"}],"collection":[{"href":"https:\/\/www.konstantin-goerlich.de\/wordpress\/wp-json\/wp\/v2\/posts"}],"about":[{"href":"https:\/\/www.konstantin-goerlich.de\/wordpress\/wp-json\/wp\/v2\/types\/post"}],"author":[{"embeddable":true,"href":"https:\/\/www.konstantin-goerlich.de\/wordpress\/wp-json\/wp\/v2\/users\/1"}],"replies":[{"embeddable":true,"href":"https:\/\/www.konstantin-goerlich.de\/wordpress\/wp-json\/wp\/v2\/comments?post=144"}],"version-history":[{"count":0,"href":"https:\/\/www.konstantin-goerlich.de\/wordpress\/wp-json\/wp\/v2\/posts\/144\/revisions"}],"wp:attachment":[{"href":"https:\/\/www.konstantin-goerlich.de\/wordpress\/wp-json\/wp\/v2\/media?parent=144"}],"wp:term":[{"taxonomy":"category","embeddable":true,"href":"https:\/\/www.konstantin-goerlich.de\/wordpress\/wp-json\/wp\/v2\/categories?post=144"},{"taxonomy":"post_tag","embeddable":true,"href":"https:\/\/www.konstantin-goerlich.de\/wordpress\/wp-json\/wp\/v2\/tags?post=144"}],"curies":[{"name":"wp","href":"https:\/\/api.w.org\/{rel}","templated":true}]}}