{"id":142,"date":"2007-08-30T14:05:46","date_gmt":"2007-08-30T12:05:46","guid":{"rendered":"http:\/\/www.konstantin-goerlich.de\/wordpress\/2007\/08\/30\/flieg\/"},"modified":"2007-08-30T14:05:46","modified_gmt":"2007-08-30T12:05:46","slug":"flieg","status":"publish","type":"post","link":"https:\/\/www.konstantin-goerlich.de\/wordpress\/2007\/08\/30\/flieg\/","title":{"rendered":"Flieg!"},"content":{"rendered":"<p><img decoding=\"async\" id=\"image141\" style=\"max-width:700px; width:100%\" src=\"https:\/\/www.konstantin-goerlich.de\/wordpress\/wp-content\/uploads\/2007\/08\/mensapforte.jpg\" alt=\"mensapforte.jpg\"><\/img><br \/>\nDieser Ausgang der Mensa zur Wiese ist allen (un)regelm\u00e4\u00dfigen Mensag\u00e4ngerInnen bekannt und vielen zugleich ein \u00c4rgernis. Meistens n\u00e4mlich sind die bunten B\u00e4nder nicht zur Seite geh\u00e4ngt, so da\u00df es mit Tablett schwierig bis unm\u00f6glich ist, die Pforte zu durchschreiten, ohne mindestens ein Band erst durch die So\u00dfe und dann \u00fcber die Kleidung zu ziehen. Heute also: Gl\u00fcck gehabt. Auch f\u00fcr einen Spatz, denn eigentlich sollen die B\u00e4nder den Durchflug von V\u00f6geln verhindern, genauso wie die bedrohliche Plastikkr\u00e4he \u00fcber der T\u00fcr. Der Spatz \u00fcbrigens flog nicht etwa in die Mensa rein, sondern aus ihr raus. Wie lange er schon versuchte, seinem nicht unbedingt ungem\u00fctlichen (viel Platz zum fliegen, B\u00e4ume und Str\u00e4ucher zum nisten und verstecken, genug zu essen, keine Fressfeinde) Gef\u00e4ngnis zu entkommen konnte allerdings nicht ermittelt werden. Macht aber auch nix, es gibt noch gen\u00fcgend Spatzen in der Mensa, und so ist auch weiterhin f\u00fcr akrobatische Flugkunstst\u00fcckchen unter der hohen Decke gesorgt.<\/p>\n","protected":false},"excerpt":{"rendered":"<p>Dieser Ausgang der Mensa zur Wiese ist allen (un)regelm\u00e4\u00dfigen Mensag\u00e4ngerInnen bekannt und vielen zugleich ein \u00c4rgernis. Meistens n\u00e4mlich sind die bunten B\u00e4nder nicht zur Seite geh\u00e4ngt, so da\u00df es mit Tablett schwierig bis unm\u00f6glich ist, die Pforte zu durchschreiten, ohne mindestens ein Band erst durch die So\u00dfe und dann \u00fcber die Kleidung zu ziehen. Heute &#8230; <\/p>\n<p class=\"read-more-container\"><a title=\"Flieg!\" class=\"read-more button\" href=\"https:\/\/www.konstantin-goerlich.de\/wordpress\/2007\/08\/30\/flieg\/#more-142\" aria-label=\"Mehr Informationen \u00fcber Flieg!\">weiterlesen<\/a><\/p>\n","protected":false},"author":1,"featured_media":0,"comment_status":"open","ping_status":"open","sticky":false,"template":"","format":"standard","meta":{"footnotes":""},"categories":[1],"tags":[],"_links":{"self":[{"href":"https:\/\/www.konstantin-goerlich.de\/wordpress\/wp-json\/wp\/v2\/posts\/142"}],"collection":[{"href":"https:\/\/www.konstantin-goerlich.de\/wordpress\/wp-json\/wp\/v2\/posts"}],"about":[{"href":"https:\/\/www.konstantin-goerlich.de\/wordpress\/wp-json\/wp\/v2\/types\/post"}],"author":[{"embeddable":true,"href":"https:\/\/www.konstantin-goerlich.de\/wordpress\/wp-json\/wp\/v2\/users\/1"}],"replies":[{"embeddable":true,"href":"https:\/\/www.konstantin-goerlich.de\/wordpress\/wp-json\/wp\/v2\/comments?post=142"}],"version-history":[{"count":0,"href":"https:\/\/www.konstantin-goerlich.de\/wordpress\/wp-json\/wp\/v2\/posts\/142\/revisions"}],"wp:attachment":[{"href":"https:\/\/www.konstantin-goerlich.de\/wordpress\/wp-json\/wp\/v2\/media?parent=142"}],"wp:term":[{"taxonomy":"category","embeddable":true,"href":"https:\/\/www.konstantin-goerlich.de\/wordpress\/wp-json\/wp\/v2\/categories?post=142"},{"taxonomy":"post_tag","embeddable":true,"href":"https:\/\/www.konstantin-goerlich.de\/wordpress\/wp-json\/wp\/v2\/tags?post=142"}],"curies":[{"name":"wp","href":"https:\/\/api.w.org\/{rel}","templated":true}]}}