{"id":139,"date":"2007-08-22T11:59:40","date_gmt":"2007-08-22T09:59:40","guid":{"rendered":"http:\/\/www.konstantin-goerlich.de\/wordpress\/2007\/08\/22\/cest-pour-la-television-francaise\/"},"modified":"2007-08-22T11:59:40","modified_gmt":"2007-08-22T09:59:40","slug":"cest-pour-la-television-francaise","status":"publish","type":"post","link":"https:\/\/www.konstantin-goerlich.de\/wordpress\/2007\/08\/22\/cest-pour-la-television-francaise\/","title":{"rendered":"C&#8217;est pour la t\u00e9l\u00e9vision fran\u00e7aise."},"content":{"rendered":"<p>Kaum bin ich wieder in Freiburg, schon lauern die Medien. Leider nicht auf mich, sondern auf das leidige Thema Studiengeb\u00fchren und die Klage gegen diese. Der Freiburger u-asta ist da nat\u00fcrlich die erste Adresse, vor allem, wenn sich das Rektorat mit dem Verweis auf laufende Verfahren nicht vor der Kamera dazu \u00e4u\u00dfern will, wie mir die Redakteurin berichtete. Da die absurde IQ-Befreiungsregel zur Zeit intensiv diskutiert wird ist die Anfragedichte von den Medien derzeit au\u00dfergew\u00f6hnlich hoch, und doch war das Interview grad eben eine Premiere, denn erstmals standen wir unseren franz\u00f6sischen Nachbarn Rede und Antwort. Aus Strasbourg, von France3 Alsace war das Team, konnte gut Deutsch, und trotzdem halfen meine Franz\u00f6sischkenntnisse weiter, die sich als doch nicht so schlecht entpuppten, wie ich immer glaubte. Schade, da\u00df meine viel zu fr\u00fch verstorbene Franz\u00f6sischlehrerin das nicht mehr erleben konnte. Es ergeht nun also folgender TV-Tipp:<\/p>\n<blockquote><p>Heute Abend, 19 Uhr, France3.<\/p><\/blockquote>\n","protected":false},"excerpt":{"rendered":"<p>Kaum bin ich wieder in Freiburg, schon lauern die Medien. Leider nicht auf mich, sondern auf das leidige Thema Studiengeb\u00fchren und die Klage gegen diese. Der Freiburger u-asta ist da nat\u00fcrlich die erste Adresse, vor allem, wenn sich das Rektorat mit dem Verweis auf laufende Verfahren nicht vor der Kamera dazu \u00e4u\u00dfern will, wie mir &#8230; <\/p>\n<p class=\"read-more-container\"><a title=\"C&#8217;est pour la t\u00e9l\u00e9vision fran\u00e7aise.\" class=\"read-more button\" href=\"https:\/\/www.konstantin-goerlich.de\/wordpress\/2007\/08\/22\/cest-pour-la-television-francaise\/#more-139\" aria-label=\"Mehr Informationen \u00fcber C&#8217;est pour la t\u00e9l\u00e9vision fran\u00e7aise.\">weiterlesen<\/a><\/p>\n","protected":false},"author":1,"featured_media":0,"comment_status":"open","ping_status":"open","sticky":false,"template":"","format":"standard","meta":{"footnotes":""},"categories":[1],"tags":[],"_links":{"self":[{"href":"https:\/\/www.konstantin-goerlich.de\/wordpress\/wp-json\/wp\/v2\/posts\/139"}],"collection":[{"href":"https:\/\/www.konstantin-goerlich.de\/wordpress\/wp-json\/wp\/v2\/posts"}],"about":[{"href":"https:\/\/www.konstantin-goerlich.de\/wordpress\/wp-json\/wp\/v2\/types\/post"}],"author":[{"embeddable":true,"href":"https:\/\/www.konstantin-goerlich.de\/wordpress\/wp-json\/wp\/v2\/users\/1"}],"replies":[{"embeddable":true,"href":"https:\/\/www.konstantin-goerlich.de\/wordpress\/wp-json\/wp\/v2\/comments?post=139"}],"version-history":[{"count":0,"href":"https:\/\/www.konstantin-goerlich.de\/wordpress\/wp-json\/wp\/v2\/posts\/139\/revisions"}],"wp:attachment":[{"href":"https:\/\/www.konstantin-goerlich.de\/wordpress\/wp-json\/wp\/v2\/media?parent=139"}],"wp:term":[{"taxonomy":"category","embeddable":true,"href":"https:\/\/www.konstantin-goerlich.de\/wordpress\/wp-json\/wp\/v2\/categories?post=139"},{"taxonomy":"post_tag","embeddable":true,"href":"https:\/\/www.konstantin-goerlich.de\/wordpress\/wp-json\/wp\/v2\/tags?post=139"}],"curies":[{"name":"wp","href":"https:\/\/api.w.org\/{rel}","templated":true}]}}