{"id":135,"date":"2007-07-24T21:01:33","date_gmt":"2007-07-24T19:01:33","guid":{"rendered":"http:\/\/www.konstantin-goerlich.de\/wordpress\/2007\/07\/24\/nachgewachsen\/"},"modified":"2007-07-24T21:01:33","modified_gmt":"2007-07-24T19:01:33","slug":"nachgewachsen","status":"publish","type":"post","link":"https:\/\/www.konstantin-goerlich.de\/wordpress\/2007\/07\/24\/nachgewachsen\/","title":{"rendered":"Nachgewachsen."},"content":{"rendered":"<p>Bologna kommt, und in seinem Zuge wird das drei Jahre dauernde und inhaltlich \u00fcberfrachtete Bachelorstudium kaum einem Studierenden noch die M\u00f6glichkeit lassen, sich hochschulpolitisch oder sonstwie in der (unabh\u00e4ngigen) Studierendenvertretung zu engagieren. So oder so \u00e4hnlich lautet die Bef\u00fcrchtung, die unausgesprochen stets hinter der Nachwuchsfrage im u-asta steht. Bewahrheitet hat sie sich nicht. Zwar sind im Gremienteil (11 Personen) der heute zur Abstimmung in der Fachschaftenkonferenz gekommenen Personenwahlliste (24 Personen) etliche ur-asta-Gesteine vom Kaliber eines Waldsch\u00fctz oder Weingart zu finden (vgl. FSK-Protokoll vom 24. Juli 2007), aber der Teil mit den u-Gremien l\u00e4\u00dft in Verbindung mit einem Blick in die Referate durchaus hoffen: Die H\u00e4lfte der neu-ReferentInnen (bzw. Vorstehenden) k\u00f6nnen als Nachwuchskr\u00e4fte bezeichnet werden. Das freut nicht nur alt-Vorstand Hermann J. Schmeh, der noch vor wenigen Wochen die allgemeinen Bef\u00fcrchtungen teilte. Trotzdem, so meint er vollkommen zu Recht, mu\u00df die Nachwuchsarbeit gerade mit Blick auf die Auswirkungen des Bolognaprozesses proaktiv vorangetrieben werden, damit es in der Belfortstra\u00dfe 24 auch weiterhin hei\u00dfen kann: we are u!<\/p>\n","protected":false},"excerpt":{"rendered":"<p>Bologna kommt, und in seinem Zuge wird das drei Jahre dauernde und inhaltlich \u00fcberfrachtete Bachelorstudium kaum einem Studierenden noch die M\u00f6glichkeit lassen, sich hochschulpolitisch oder sonstwie in der (unabh\u00e4ngigen) Studierendenvertretung zu engagieren. So oder so \u00e4hnlich lautet die Bef\u00fcrchtung, die unausgesprochen stets hinter der Nachwuchsfrage im u-asta steht. Bewahrheitet hat sie sich nicht. Zwar sind &#8230; <\/p>\n<p class=\"read-more-container\"><a title=\"Nachgewachsen.\" class=\"read-more button\" href=\"https:\/\/www.konstantin-goerlich.de\/wordpress\/2007\/07\/24\/nachgewachsen\/#more-135\" aria-label=\"Mehr Informationen \u00fcber Nachgewachsen.\">weiterlesen<\/a><\/p>\n","protected":false},"author":1,"featured_media":0,"comment_status":"open","ping_status":"open","sticky":false,"template":"","format":"standard","meta":{"footnotes":""},"categories":[1],"tags":[],"_links":{"self":[{"href":"https:\/\/www.konstantin-goerlich.de\/wordpress\/wp-json\/wp\/v2\/posts\/135"}],"collection":[{"href":"https:\/\/www.konstantin-goerlich.de\/wordpress\/wp-json\/wp\/v2\/posts"}],"about":[{"href":"https:\/\/www.konstantin-goerlich.de\/wordpress\/wp-json\/wp\/v2\/types\/post"}],"author":[{"embeddable":true,"href":"https:\/\/www.konstantin-goerlich.de\/wordpress\/wp-json\/wp\/v2\/users\/1"}],"replies":[{"embeddable":true,"href":"https:\/\/www.konstantin-goerlich.de\/wordpress\/wp-json\/wp\/v2\/comments?post=135"}],"version-history":[{"count":0,"href":"https:\/\/www.konstantin-goerlich.de\/wordpress\/wp-json\/wp\/v2\/posts\/135\/revisions"}],"wp:attachment":[{"href":"https:\/\/www.konstantin-goerlich.de\/wordpress\/wp-json\/wp\/v2\/media?parent=135"}],"wp:term":[{"taxonomy":"category","embeddable":true,"href":"https:\/\/www.konstantin-goerlich.de\/wordpress\/wp-json\/wp\/v2\/categories?post=135"},{"taxonomy":"post_tag","embeddable":true,"href":"https:\/\/www.konstantin-goerlich.de\/wordpress\/wp-json\/wp\/v2\/tags?post=135"}],"curies":[{"name":"wp","href":"https:\/\/api.w.org\/{rel}","templated":true}]}}