{"id":1347,"date":"2014-12-27T10:56:55","date_gmt":"2014-12-27T09:56:55","guid":{"rendered":"http:\/\/www.konstantin-goerlich.de\/wordpress\/?p=1347"},"modified":"2014-12-27T12:57:53","modified_gmt":"2014-12-27T11:57:53","slug":"meine-top-6-instagram-momente-2014","status":"publish","type":"post","link":"https:\/\/www.konstantin-goerlich.de\/wordpress\/2014\/12\/27\/meine-top-6-instagram-momente-2014\/","title":{"rendered":"Meine Top 6 Instagram-Momente 2014"},"content":{"rendered":"<p><img loading=\"lazy\" decoding=\"async\" class=\"aligncenter size-full wp-image-1348\" src=\"https:\/\/www.konstantin-goerlich.de\/wordpress\/wp-content\/uploads\/2014\/12\/ig_col.jpg\" alt=\"ig_col\" width=\"790\" height=\"490\" \/><\/p>\n<p>Das sind einige meiner nach Likes und Kommentaren besten <a href=\"http:\/\/instagram.com\/medienwandler\/\" target=\"_blank\">Instagram<\/a>-Momente des Jahres 2014. Es h\u00e4tte auch wieder ein Video von Statigram (jetzt Iconosquare) gegeben, aber da gefiel mir die zuf\u00e4llige Auswahl nicht. Das kann ich selber besser. Und es zeigt mir: Mehr instagrammen! Aber anyway, here we go:<\/p>\n<h3>1. Drinks im Mirabeau<\/h3>\n<blockquote class=\"instagram-media\" style=\"background: #FFF; border: 0; border-radius: 3px; box-shadow: 0 0 1px 0 rgba(0,0,0,0.5),0 1px 10px 0 rgba(0,0,0,0.15); margin: 1px; max-width: 658px; padding: 0; width: calc(100% - 2px);\" data-instgrm-captioned=\"\" data-instgrm-version=\"4\">\n<div style=\"padding: 8px;\">\n<div style=\"background: #F8F8F8; line-height: 0; margin-top: 40px; padding: 50% 0; text-align: center; width: 100%;\"><\/div>\n<p style=\"margin: 8px 0 0 0; padding: 0 4px;\"><a style=\"color: #000; font-family: Arial,sans-serif; font-size: 14px; font-style: normal; font-weight: normal; line-height: 17px; text-decoration: none; word-wrap: break-word;\" href=\"https:\/\/instagram.com\/p\/spjzD2Q8le\/\" target=\"_top\">Mirabeau Lederleplatz<\/a><\/p>\n<p style=\"color: #c9c8cd; font-family: Arial,sans-serif; font-size: 14px; line-height: 17px; margin-bottom: 0; margin-top: 8px; overflow: hidden; padding: 8px 0 7px; text-align: center; text-overflow: ellipsis; white-space: nowrap;\">Ein von Konstantin G\u00f6rlich (@medienwandler) gepostetes Foto am <time style=\"font-family: Arial,sans-serif; font-size: 14px; line-height: 17px;\" datetime=\"2014-09-07T15:30:02+00:00\">Sep 9, 2014 at 8:30 PDT<\/time><\/p>\n<\/div>\n<\/blockquote>\n<p><script src=\"\/\/platform.instagram.com\/en_US\/embeds.js\" async=\"\" defer=\"defer\"><\/script><\/p>\n<p>Das Caf\u00e9 Mirabeau am Lederleplatz im St\u00fchlinger h\u00e4tte ich gerne \u00f6fter besucht. Der Atmopsh\u00e4re wegen, und wegen der Auswahl an Getr\u00e4nken und Leckereien. Eine <a href=\"http:\/\/fudder.de\/artikel\/2014\/06\/17\/neueroeffnung-cafe-bar-mirabeau-am-lederle-platz\/\" target=\"_blank\">Neuer\u00f6ffnung<\/a>, die sich gelohnt hat.<\/p>\n<h3>2. Sonnenschein am Kaiserstuhl<\/h3>\n<blockquote class=\"instagram-media\" style=\"background: #FFF; border: 0; border-radius: 3px; box-shadow: 0 0 1px 0 rgba(0,0,0,0.5),0 1px 10px 0 rgba(0,0,0,0.15); margin: 1px; max-width: 658px; padding: 0; width: calc(100% - 2px);\" data-instgrm-captioned=\"\" data-instgrm-version=\"4\">\n<div style=\"padding: 8px;\">\n<div style=\"background: #F8F8F8; line-height: 0; margin-top: 40px; padding: 50% 0; text-align: center; width: 100%;\"><\/div>\n<p><a style=\"color: #000; font-family: Arial,sans-serif; font-size: 14px; font-style: normal; font-weight: normal; line-height: 17px; text-decoration: none; word-wrap: break-word;\" href=\"https:\/\/instagram.com\/p\/uTXjUNQ8jC\/\" target=\"_top\">#whatthekaiserstuhl<\/a> Ein von Konstantin G\u00f6rlich (@medienwandler) gepostetes Foto am <time style=\"font-family: Arial,sans-serif; font-size: 14px; line-height: 17px;\" datetime=\"2014-10-18T17:42:31+00:00\">Okt 10, 2014 at 10:42 PDT<\/time>\n<\/div>\n<\/blockquote>\n<p><script src=\"\/\/platform.instagram.com\/en_US\/embeds.js\" async=\"\" defer=\"defer\"><\/script><\/p>\n<p>Das Bild, dem ihr mit Abstand die meisten Likes gegeben habt. Dabei ist es ein Schnappschu\u00df auf dem R\u00fcckweg von einer Foto-Wanderung von Vogtsburg-Bickensohl zum Eichelspitzturm und zur\u00fcck. Mehr Fotos davon gibt&#8217;s bei <a href=\"https:\/\/www.flickr.com\/photos\/56615900@N07\/\" target=\"_blank\">Flickr<\/a>.<\/p>\n<h3>3. Die nackten Weltmeister<\/h3>\n<blockquote class=\"instagram-media\" style=\"background: #FFF; border: 0; border-radius: 3px; box-shadow: 0 0 1px 0 rgba(0,0,0,0.5),0 1px 10px 0 rgba(0,0,0,0.15); margin: 1px; max-width: 658px; padding: 0; width: calc(100% - 2px);\" data-instgrm-captioned=\"\" data-instgrm-version=\"4\">\n<div style=\"padding: 8px;\">\n<div style=\"background: #F8F8F8; line-height: 0; margin-top: 40px; padding: 50% 0; text-align: center; width: 100%;\"><\/div>\n<p style=\"margin: 8px 0 0 0; padding: 0 4px;\"><a style=\"color: #000; font-family: Arial,sans-serif; font-size: 14px; font-style: normal; font-weight: normal; line-height: 17px; text-decoration: none; word-wrap: break-word;\" href=\"https:\/\/instagram.com\/p\/qalaTKQ8iQ\/\" target=\"_top\">WM-Freuden ohne Flagge. Und ohne Klamotten. #gerarg #weltmeister #worldcup #freiburg<\/a><\/p>\n<p style=\"color: #c9c8cd; font-family: Arial,sans-serif; font-size: 14px; line-height: 17px; margin-bottom: 0; margin-top: 8px; overflow: hidden; padding: 8px 0 7px; text-align: center; text-overflow: ellipsis; white-space: nowrap;\">Ein von Konstantin G\u00f6rlich (@medienwandler) gepostetes Foto am <time style=\"font-family: Arial,sans-serif; font-size: 14px; line-height: 17px;\" datetime=\"2014-07-14T02:52:44+00:00\">Jul 7, 2014 at 7:52 PDT<\/time><\/p>\n<\/div>\n<\/blockquote>\n<p><script src=\"\/\/platform.instagram.com\/en_US\/embeds.js\" async=\"\" defer=\"defer\"><\/script><\/p>\n<p>&#8222;Nimmste mal die Kamera mit, vielleicht gibt&#8217;s ja was zu feiern.&#8220; &#8211; Es gab. Und wie! Darum ist dieses Bild zugleich mein fudder-Moment 2014.<\/p>\n<h3>4. Die Pitahaya<\/h3>\n<blockquote class=\"instagram-media\" style=\"background: #FFF; border: 0; border-radius: 3px; box-shadow: 0 0 1px 0 rgba(0,0,0,0.5),0 1px 10px 0 rgba(0,0,0,0.15); margin: 1px; max-width: 658px; padding: 0; width: calc(100% - 2px);\" data-instgrm-captioned=\"\" data-instgrm-version=\"4\">\n<div style=\"padding: 8px;\">\n<div style=\"background: #F8F8F8; line-height: 0; margin-top: 40px; padding: 50% 0; text-align: center; width: 100%;\"><\/div>\n<p><a style=\"color: #000; font-family: Arial,sans-serif; font-size: 14px; font-style: normal; font-weight: normal; line-height: 17px; text-decoration: none; word-wrap: break-word;\" href=\"https:\/\/instagram.com\/p\/vRdTdnw8oG\/\" target=\"_top\">Ich habe eine Pitahaya.<\/a> Ein von Konstantin G\u00f6rlich (@medienwandler) gepostetes Foto am <time style=\"font-family: Arial,sans-serif; font-size: 14px; line-height: 17px;\" datetime=\"2014-11-11T20:25:42+00:00\">Nov 11, 2014 at 12:25 PST<\/time>\n<\/div>\n<\/blockquote>\n<p><script src=\"\/\/platform.instagram.com\/en_US\/embeds.js\" async=\"\" defer=\"defer\"><\/script><\/p>\n<p>Eigentlich nur Obst, aber die Diskussion um die Drachenfrucht brachte mich darauf, mal eine Kaki zu probieren. Mein Trend-Obst 2014.<\/p>\n<h3>5. Der Blitzer<\/h3>\n<blockquote class=\"instagram-media\" style=\"background: #FFF; border: 0; border-radius: 3px; box-shadow: 0 0 1px 0 rgba(0,0,0,0.5),0 1px 10px 0 rgba(0,0,0,0.15); margin: 1px; max-width: 658px; padding: 0; width: calc(100% - 2px);\" data-instgrm-captioned=\"\" data-instgrm-version=\"4\">\n<div style=\"padding: 8px;\">\n<div style=\"background: #F8F8F8; line-height: 0; margin-top: 40px; padding: 50% 0; text-align: center; width: 100%;\"><\/div>\n<p style=\"margin: 8px 0 0 0; padding: 0 4px;\"><a style=\"color: #000; font-family: Arial,sans-serif; font-size: 14px; font-style: normal; font-weight: normal; line-height: 17px; text-decoration: none; word-wrap: break-word;\" href=\"https:\/\/instagram.com\/p\/qjWwCuQ8gO\/\" target=\"_top\">i put the ORRR in ordnungsamt<\/a><\/p>\n<p style=\"color: #c9c8cd; font-family: Arial,sans-serif; font-size: 14px; line-height: 17px; margin-bottom: 0; margin-top: 8px; overflow: hidden; padding: 8px 0 7px; text-align: center; text-overflow: ellipsis; white-space: nowrap;\">Ein von Konstantin G\u00f6rlich (@medienwandler) gepostetes Foto am <time style=\"font-family: Arial,sans-serif; font-size: 14px; line-height: 17px;\" datetime=\"2014-07-17T12:37:47+00:00\">Jul 7, 2014 at 5:37 PDT<\/time><\/p>\n<\/div>\n<\/blockquote>\n<p><script src=\"\/\/platform.instagram.com\/en_US\/embeds.js\" async=\"\" defer=\"defer\"><\/script><\/p>\n<p>G\u00fcnterstal, Schauinslandstra\u00dfe, ein paar Meter vorher beginnt ein 30er-Bereich. Das passiert. Es war trotzdem ein sch\u00f6ner Tag.<\/p>\n<h3>6. Die Treppen im BZ-Haus<\/h3>\n<blockquote class=\"instagram-media\" style=\"background: #FFF; border: 0; border-radius: 3px; box-shadow: 0 0 1px 0 rgba(0,0,0,0.5),0 1px 10px 0 rgba(0,0,0,0.15); margin: 1px; max-width: 658px; padding: 0; width: calc(100% - 2px);\" data-instgrm-version=\"4\">\n<div style=\"padding: 8px;\">\n<div style=\"background: #F8F8F8; line-height: 0; margin-top: 40px; padding: 50% 0; text-align: center; width: 100%;\"><\/div>\n<p><a style=\"color: #c9c8cd; font-family: Arial,sans-serif; font-size: 14px; font-style: normal; font-weight: normal; line-height: 17px; text-decoration: none;\" href=\"https:\/\/instagram.com\/p\/uX25xjQ8q7\/\" target=\"_top\">Ein von Konstantin G\u00f6rlich (@medienwandler) gepostetes Foto<\/a> am <time style=\"font-family: Arial,sans-serif; font-size: 14px; line-height: 17px;\" datetime=\"2014-10-20T11:33:26+00:00\">Okt 10, 2014 at 4:33 PDT<\/time>\n<\/div>\n<\/blockquote>\n<p><script src=\"\/\/platform.instagram.com\/en_US\/embeds.js\" async=\"\" defer=\"defer\"><\/script><\/p>\n<p>Hektik hin oder her: einfach mal kurz stehenbleiben und gucken, wer wei\u00df, was es zu entdecken gibt. Vielleicht auch eine Idee f\u00fcr 2015?<\/p>\n<p>Soweit meine Instagram-Momente 2014. Was sind Eure? Was fehlt?<\/p>\n","protected":false},"excerpt":{"rendered":"<p>Ihr habt geliket und kommentiert. Dabei heraus kamen meine Top 6 Instagram-Momente 2014. Was sind Eure? Was fehlt?<\/p>\n","protected":false},"author":1,"featured_media":1348,"comment_status":"open","ping_status":"open","sticky":false,"template":"","format":"standard","meta":{"footnotes":""},"categories":[1],"tags":[],"_links":{"self":[{"href":"https:\/\/www.konstantin-goerlich.de\/wordpress\/wp-json\/wp\/v2\/posts\/1347"}],"collection":[{"href":"https:\/\/www.konstantin-goerlich.de\/wordpress\/wp-json\/wp\/v2\/posts"}],"about":[{"href":"https:\/\/www.konstantin-goerlich.de\/wordpress\/wp-json\/wp\/v2\/types\/post"}],"author":[{"embeddable":true,"href":"https:\/\/www.konstantin-goerlich.de\/wordpress\/wp-json\/wp\/v2\/users\/1"}],"replies":[{"embeddable":true,"href":"https:\/\/www.konstantin-goerlich.de\/wordpress\/wp-json\/wp\/v2\/comments?post=1347"}],"version-history":[{"count":10,"href":"https:\/\/www.konstantin-goerlich.de\/wordpress\/wp-json\/wp\/v2\/posts\/1347\/revisions"}],"predecessor-version":[{"id":1358,"href":"https:\/\/www.konstantin-goerlich.de\/wordpress\/wp-json\/wp\/v2\/posts\/1347\/revisions\/1358"}],"wp:featuredmedia":[{"embeddable":true,"href":"https:\/\/www.konstantin-goerlich.de\/wordpress\/wp-json\/wp\/v2\/media\/1348"}],"wp:attachment":[{"href":"https:\/\/www.konstantin-goerlich.de\/wordpress\/wp-json\/wp\/v2\/media?parent=1347"}],"wp:term":[{"taxonomy":"category","embeddable":true,"href":"https:\/\/www.konstantin-goerlich.de\/wordpress\/wp-json\/wp\/v2\/categories?post=1347"},{"taxonomy":"post_tag","embeddable":true,"href":"https:\/\/www.konstantin-goerlich.de\/wordpress\/wp-json\/wp\/v2\/tags?post=1347"}],"curies":[{"name":"wp","href":"https:\/\/api.w.org\/{rel}","templated":true}]}}