{"id":1308,"date":"2014-10-22T13:51:49","date_gmt":"2014-10-22T11:51:49","guid":{"rendered":"http:\/\/www.konstantin-goerlich.de\/wordpress\/?p=1308"},"modified":"2014-12-25T01:13:29","modified_gmt":"2014-12-25T00:13:29","slug":"ist-das-eine-asiatische-tigermuecke","status":"publish","type":"post","link":"https:\/\/www.konstantin-goerlich.de\/wordpress\/2014\/10\/22\/ist-das-eine-asiatische-tigermuecke\/","title":{"rendered":"Ist das eine asiatische Tigerm\u00fccke?"},"content":{"rendered":"<p><img loading=\"lazy\" decoding=\"async\" class=\"aligncenter size-full wp-image-1309\" src=\"https:\/\/www.konstantin-goerlich.de\/wordpress\/wp-content\/uploads\/2014\/10\/ist-das-eine-asiatische-tigermuecke-frage.jpg\" alt=\"Ist das eine asiatische Tigerm\u00fccke?\" width=\"600\" height=\"600\" srcset=\"https:\/\/www.konstantin-goerlich.de\/wordpress\/wp-content\/uploads\/2014\/10\/ist-das-eine-asiatische-tigermuecke-frage.jpg 600w, https:\/\/www.konstantin-goerlich.de\/wordpress\/wp-content\/uploads\/2014\/10\/ist-das-eine-asiatische-tigermuecke-frage-150x150.jpg 150w, https:\/\/www.konstantin-goerlich.de\/wordpress\/wp-content\/uploads\/2014\/10\/ist-das-eine-asiatische-tigermuecke-frage-300x300.jpg 300w\" sizes=\"(max-width: 600px) 100vw, 600px\" \/><\/p>\n<p>Dieses Exemplar hat es gewagt, mich am Samstag zu trollen. Und zwar gemeinsam mit etlichen Artgenossen am Kaiserstuhl, direkt beim Eichelspitzturm. Wenn das tats\u00e4chlich eine solche Tigerm\u00fccke ist, dann ist sie wohl doch kein <a href=\"http:\/\/www.badische-zeitung.de\/freiburg\/tigermuecke-in-freiburg-experten-gehen-von-einzelfall-aus--92577273.html\">Einzelfall, wie Experten vermuten<\/a>.<\/p>\n<p>\u00dcbrigens: Trotz reichlich vollgetankter Plagegeister waren die Stiche hinterher weder zu sp\u00fcren noch zu sehen. Das w\u00e4re immerhin eine Verbesserung zu einheimischen Stechm\u00fccken.<\/p>\n","protected":false},"excerpt":{"rendered":"<p>Dieses Exemplar hat es gewagt, mich am Samstag zu trollen. Und zwar gemeinsam mit etlichen Artgenossen am Kaiserstuhl, direkt beim Eichelspitzturm. Wenn das tats\u00e4chlich eine solche Tigerm\u00fccke ist, dann ist sie wohl doch kein Einzelfall, wie Experten vermuten. \u00dcbrigens: Trotz reichlich vollgetankter Plagegeister waren die Stiche hinterher weder zu sp\u00fcren noch zu sehen. Das w\u00e4re &#8230; <\/p>\n<p class=\"read-more-container\"><a title=\"Ist das eine asiatische Tigerm\u00fccke?\" class=\"read-more button\" href=\"https:\/\/www.konstantin-goerlich.de\/wordpress\/2014\/10\/22\/ist-das-eine-asiatische-tigermuecke\/#more-1308\" aria-label=\"Mehr Informationen \u00fcber Ist das eine asiatische Tigerm\u00fccke?\">weiterlesen<\/a><\/p>\n","protected":false},"author":1,"featured_media":1312,"comment_status":"open","ping_status":"open","sticky":false,"template":"","format":"standard","meta":{"footnotes":""},"categories":[1],"tags":[14,23,12,13,11],"_links":{"self":[{"href":"https:\/\/www.konstantin-goerlich.de\/wordpress\/wp-json\/wp\/v2\/posts\/1308"}],"collection":[{"href":"https:\/\/www.konstantin-goerlich.de\/wordpress\/wp-json\/wp\/v2\/posts"}],"about":[{"href":"https:\/\/www.konstantin-goerlich.de\/wordpress\/wp-json\/wp\/v2\/types\/post"}],"author":[{"embeddable":true,"href":"https:\/\/www.konstantin-goerlich.de\/wordpress\/wp-json\/wp\/v2\/users\/1"}],"replies":[{"embeddable":true,"href":"https:\/\/www.konstantin-goerlich.de\/wordpress\/wp-json\/wp\/v2\/comments?post=1308"}],"version-history":[{"count":4,"href":"https:\/\/www.konstantin-goerlich.de\/wordpress\/wp-json\/wp\/v2\/posts\/1308\/revisions"}],"predecessor-version":[{"id":1317,"href":"https:\/\/www.konstantin-goerlich.de\/wordpress\/wp-json\/wp\/v2\/posts\/1308\/revisions\/1317"}],"wp:featuredmedia":[{"embeddable":true,"href":"https:\/\/www.konstantin-goerlich.de\/wordpress\/wp-json\/wp\/v2\/media\/1312"}],"wp:attachment":[{"href":"https:\/\/www.konstantin-goerlich.de\/wordpress\/wp-json\/wp\/v2\/media?parent=1308"}],"wp:term":[{"taxonomy":"category","embeddable":true,"href":"https:\/\/www.konstantin-goerlich.de\/wordpress\/wp-json\/wp\/v2\/categories?post=1308"},{"taxonomy":"post_tag","embeddable":true,"href":"https:\/\/www.konstantin-goerlich.de\/wordpress\/wp-json\/wp\/v2\/tags?post=1308"}],"curies":[{"name":"wp","href":"https:\/\/api.w.org\/{rel}","templated":true}]}}