{"id":130,"date":"2007-07-18T15:59:53","date_gmt":"2007-07-18T13:59:53","guid":{"rendered":"http:\/\/www.konstantin-goerlich.de\/wordpress\/2007\/07\/18\/voskuhle-von-senat-als-rektor-bestatigt\/"},"modified":"2007-07-18T23:35:06","modified_gmt":"2007-07-18T21:35:06","slug":"voskuhle-von-senat-als-rektor-bestatigt","status":"publish","type":"post","link":"https:\/\/www.konstantin-goerlich.de\/wordpress\/2007\/07\/18\/voskuhle-von-senat-als-rektor-bestatigt\/","title":{"rendered":"Vo\u00dfkuhle von Senat als Rektor best\u00e4tigt."},"content":{"rendered":"<p>Vor wenigen Sekunden hat der Senat der Albert-Ludwigs-Universit\u00e4t Freiburg Herrn Prof. Dr. Andreas Vo\u00dfkuhle mit 25 Ja-Stimmen, 2 Gegenstimmen und 7 Enthaltungen (insgesamt 34 abgegebene Stimmen) als neuen Rektor best\u00e4tigt. Seine Amtszeit beginnt am 1. April 2008.<br \/><strong>Update, 16:59 Uhr:<\/strong> Eine erneute Ausz\u00e4hlung ergab nun 35 abgegebene Stimmen, davon 26 Ja-Stimmen, 1 Gegenstimme und 8 Enthaltungen. Kommentar von Politikwissenschaftler und noch-Rektor J\u00e4ger zu diesem <i>recount<\/i>: &#8222;Fast wie in Amerika&#8220;. Kommentar eines Politikstudenten zu diesem <i>recount<\/i>: &#8222;Bei uns in der Fachschaft w\u00e4re so eine Abstimmung ung\u00fcltig&#8220;.<\/p>\n","protected":false},"excerpt":{"rendered":"<p>Vor wenigen Sekunden hat der Senat der Albert-Ludwigs-Universit\u00e4t Freiburg Herrn Prof. Dr. Andreas Vo\u00dfkuhle mit 25 Ja-Stimmen, 2 Gegenstimmen und 7 Enthaltungen (insgesamt 34 abgegebene Stimmen) als neuen Rektor best\u00e4tigt. Seine Amtszeit beginnt am 1. April 2008.Update, 16:59 Uhr: Eine erneute Ausz\u00e4hlung ergab nun 35 abgegebene Stimmen, davon 26 Ja-Stimmen, 1 Gegenstimme und 8 Enthaltungen. &#8230; <\/p>\n<p class=\"read-more-container\"><a title=\"Vo\u00dfkuhle von Senat als Rektor best\u00e4tigt.\" class=\"read-more button\" href=\"https:\/\/www.konstantin-goerlich.de\/wordpress\/2007\/07\/18\/voskuhle-von-senat-als-rektor-bestatigt\/#more-130\" aria-label=\"Mehr Informationen \u00fcber Vo\u00dfkuhle von Senat als Rektor best\u00e4tigt.\">weiterlesen<\/a><\/p>\n","protected":false},"author":1,"featured_media":0,"comment_status":"open","ping_status":"open","sticky":false,"template":"","format":"standard","meta":{"footnotes":""},"categories":[1],"tags":[],"_links":{"self":[{"href":"https:\/\/www.konstantin-goerlich.de\/wordpress\/wp-json\/wp\/v2\/posts\/130"}],"collection":[{"href":"https:\/\/www.konstantin-goerlich.de\/wordpress\/wp-json\/wp\/v2\/posts"}],"about":[{"href":"https:\/\/www.konstantin-goerlich.de\/wordpress\/wp-json\/wp\/v2\/types\/post"}],"author":[{"embeddable":true,"href":"https:\/\/www.konstantin-goerlich.de\/wordpress\/wp-json\/wp\/v2\/users\/1"}],"replies":[{"embeddable":true,"href":"https:\/\/www.konstantin-goerlich.de\/wordpress\/wp-json\/wp\/v2\/comments?post=130"}],"version-history":[{"count":0,"href":"https:\/\/www.konstantin-goerlich.de\/wordpress\/wp-json\/wp\/v2\/posts\/130\/revisions"}],"wp:attachment":[{"href":"https:\/\/www.konstantin-goerlich.de\/wordpress\/wp-json\/wp\/v2\/media?parent=130"}],"wp:term":[{"taxonomy":"category","embeddable":true,"href":"https:\/\/www.konstantin-goerlich.de\/wordpress\/wp-json\/wp\/v2\/categories?post=130"},{"taxonomy":"post_tag","embeddable":true,"href":"https:\/\/www.konstantin-goerlich.de\/wordpress\/wp-json\/wp\/v2\/tags?post=130"}],"curies":[{"name":"wp","href":"https:\/\/api.w.org\/{rel}","templated":true}]}}