{"id":1299,"date":"2014-08-11T17:14:30","date_gmt":"2014-08-11T15:14:30","guid":{"rendered":"http:\/\/www.konstantin-goerlich.de\/wordpress\/?p=1299"},"modified":"2014-12-25T01:08:37","modified_gmt":"2014-12-25T00:08:37","slug":"nmmer-ein-neues-magazin-fuer-adhsler-und-autisten-print-gerettet-durch-online","status":"publish","type":"post","link":"https:\/\/www.konstantin-goerlich.de\/wordpress\/2014\/08\/11\/nmmer-ein-neues-magazin-fuer-adhsler-und-autisten-print-gerettet-durch-online\/","title":{"rendered":"N#MMER: Ein neues Magazin f\u00fcr ADHSler und Autisten. Print gerettet durch Online? (Update!)"},"content":{"rendered":"<p><a href=\"http:\/\/www.startnext.de\/nummer-magazin\"><img loading=\"lazy\" decoding=\"async\" class=\"aligncenter size-full wp-image-1300\" src=\"https:\/\/www.konstantin-goerlich.de\/wordpress\/wp-content\/uploads\/2014\/08\/nummer_teaser.jpg\" alt=\"n#mmer teaser\" width=\"600\" height=\"250\" srcset=\"https:\/\/www.konstantin-goerlich.de\/wordpress\/wp-content\/uploads\/2014\/08\/nummer_teaser.jpg 600w, https:\/\/www.konstantin-goerlich.de\/wordpress\/wp-content\/uploads\/2014\/08\/nummer_teaser-150x63.jpg 150w, https:\/\/www.konstantin-goerlich.de\/wordpress\/wp-content\/uploads\/2014\/08\/nummer_teaser-300x125.jpg 300w\" sizes=\"(max-width: 600px) 100vw, 600px\" \/><\/a><\/p>\n<p>Das gibt es wirklich noch nicht! Ein Magazin, wenn alles gut l\u00e4uft sogar gedruckt auf <strong>echtem Papier<\/strong>, speziell f\u00fcr besondere Menschen: Autisten, AD(H)Sler \u2013 und nat\u00fcrlich f\u00fcr alle anderen, denn die sollen ja auch einen Einblick bekommen in den besonderen Ausblick, den manche Menschen auf die Realit\u00e4t haben. Einen sch\u00f6nen \u00dcberblick dar\u00fcber gibt <a href=\"https:\/\/twitter.com\/pollys_pocket\" target=\"_blank\">Gr\u00fcnderin Denise Linke<\/a> (25) im<a href=\"http:\/\/jetzt.sueddeutsche.de\/texte\/anzeigen\/587202\/Haendeschuetteln-ist-immer-eklig\" target=\"_blank\"> Interview mit jetzt.de<\/a>.<\/p>\n<p>Das <a href=\"http:\/\/www.startnext.de\/nummer-magazin\" target=\"_blank\">Startnext-Projekt mit einem Funding-Ziel von 20.000 \u20ac<\/a> steht seit etwa zwei Wochen knapp \u00fcber 8.500 \u20ac \u2013 und jetzt sind nur noch ein paar Tage Zeit! Macht aber nix: &#8222;Social Media Aufmerksamkeit kommt schubweise und ist in den seltensten F\u00e4llen konstant.&#8220; sagt Linke hoffnungsvoll, denn auch wenn das Startnext-Fundingziel nicht erreicht werden sollte (hier gilt: alles oder nichts): <strong>&#8222;N#MMER kommt definitiv&#8220;!<\/strong> So ist das Projekt beim <a href=\"http:\/\/www.onespark.com\" target=\"_blank\">Crowdfunding-Festival OneSpark<\/a> dabei, au\u00dferdem gebe es Gespr\u00e4che mit Sponsoren und zur Not werde es erstmal nur ein eMag.<\/p>\n<p>Wie dem auch sei: Einen Aspekt finde ich bei N#MMER besonders bemerkenswert. Hier entsteht ein klassisches Print-Magazin neu, \u00fcberhaupt erst m\u00f6glich gemacht durch die Kraft des Internets, Menschen zusammenzubringen. In der alten Medienwelt h\u00e4tte es vermutlich kaum jemand gewagt, ein neues, so sehr spezielles Magazin von\u00a0Null an zu gr\u00fcnden. Online kann auch Print retten, aber anders.<\/p>\n<p><object width=\"600\" height=\"338\"><param name=\"movie\" value=\"\/\/www.youtube.com\/v\/-iEDKExGjd8?version=3&amp;hl=de_DE&amp;rel=0\" \/><param name=\"allowFullScreen\" value=\"true\" \/><param name=\"allowscriptaccess\" value=\"always\" \/><embed src=\"\/\/www.youtube.com\/v\/-iEDKExGjd8?version=3&amp;hl=de_DE&amp;rel=0\" type=\"application\/x-shockwave-flash\" width=\"600\" height=\"338\" allowscriptaccess=\"always\" allowfullscreen=\"allowfullscreen\" \/><\/object><\/p>\n<p>Und nun? Unterst\u00fctzt <a href=\"https:\/\/www.startnext.de\/nummer-magazin\" target=\"_blank\">N#MMER bei Startnext<\/a>!<\/p>\n<p><strong>Update, 13.8., 20:30 Uhr<\/strong>: Geschafft! N#MMER hat das Startnext-Ziel erreicht! Allerdings das ausnahmsweise auf 10.000 \u20ac gesenkte. Aber trotzdem!<\/p>\n","protected":false},"excerpt":{"rendered":"<p>Das gibt es wirklich noch nicht! Ein Magazin, wenn alles gut l\u00e4uft sogar gedruckt auf echtem Papier, speziell f\u00fcr besondere Menschen: Autisten, AD(H)Sler \u2013 und nat\u00fcrlich f\u00fcr alle anderen, denn die sollen ja auch einen Einblick bekommen in den besonderen Ausblick, den manche Menschen auf die Realit\u00e4t haben. Einen sch\u00f6nen \u00dcberblick dar\u00fcber gibt Gr\u00fcnderin Denise &#8230; <\/p>\n<p class=\"read-more-container\"><a title=\"N#MMER: Ein neues Magazin f\u00fcr ADHSler und Autisten. Print gerettet durch Online? (Update!)\" class=\"read-more button\" href=\"https:\/\/www.konstantin-goerlich.de\/wordpress\/2014\/08\/11\/nmmer-ein-neues-magazin-fuer-adhsler-und-autisten-print-gerettet-durch-online\/#more-1299\" aria-label=\"Mehr Informationen \u00fcber N#MMER: Ein neues Magazin f\u00fcr ADHSler und Autisten. Print gerettet durch Online? (Update!)\">weiterlesen<\/a><\/p>\n","protected":false},"author":1,"featured_media":1300,"comment_status":"open","ping_status":"open","sticky":false,"template":"","format":"standard","meta":{"footnotes":""},"categories":[1],"tags":[],"_links":{"self":[{"href":"https:\/\/www.konstantin-goerlich.de\/wordpress\/wp-json\/wp\/v2\/posts\/1299"}],"collection":[{"href":"https:\/\/www.konstantin-goerlich.de\/wordpress\/wp-json\/wp\/v2\/posts"}],"about":[{"href":"https:\/\/www.konstantin-goerlich.de\/wordpress\/wp-json\/wp\/v2\/types\/post"}],"author":[{"embeddable":true,"href":"https:\/\/www.konstantin-goerlich.de\/wordpress\/wp-json\/wp\/v2\/users\/1"}],"replies":[{"embeddable":true,"href":"https:\/\/www.konstantin-goerlich.de\/wordpress\/wp-json\/wp\/v2\/comments?post=1299"}],"version-history":[{"count":8,"href":"https:\/\/www.konstantin-goerlich.de\/wordpress\/wp-json\/wp\/v2\/posts\/1299\/revisions"}],"predecessor-version":[{"id":1316,"href":"https:\/\/www.konstantin-goerlich.de\/wordpress\/wp-json\/wp\/v2\/posts\/1299\/revisions\/1316"}],"wp:featuredmedia":[{"embeddable":true,"href":"https:\/\/www.konstantin-goerlich.de\/wordpress\/wp-json\/wp\/v2\/media\/1300"}],"wp:attachment":[{"href":"https:\/\/www.konstantin-goerlich.de\/wordpress\/wp-json\/wp\/v2\/media?parent=1299"}],"wp:term":[{"taxonomy":"category","embeddable":true,"href":"https:\/\/www.konstantin-goerlich.de\/wordpress\/wp-json\/wp\/v2\/categories?post=1299"},{"taxonomy":"post_tag","embeddable":true,"href":"https:\/\/www.konstantin-goerlich.de\/wordpress\/wp-json\/wp\/v2\/tags?post=1299"}],"curies":[{"name":"wp","href":"https:\/\/api.w.org\/{rel}","templated":true}]}}