{"id":1274,"date":"2014-04-07T17:37:50","date_gmt":"2014-04-07T15:37:50","guid":{"rendered":"http:\/\/www.konstantin-goerlich.de\/wordpress\/?p=1274"},"modified":"2014-04-07T17:37:50","modified_gmt":"2014-04-07T15:37:50","slug":"daniel_bierbrauer_wird_nicht_gekuerzt","status":"publish","type":"post","link":"https:\/\/www.konstantin-goerlich.de\/wordpress\/2014\/04\/07\/daniel_bierbrauer_wird_nicht_gekuerzt\/","title":{"rendered":"Daniel Bierbrauer wird nicht gek\u00fcrzt."},"content":{"rendered":"<p><img loading=\"lazy\" decoding=\"async\" class=\"size-full wp-image-1275 alignleft\" style=\"line-height: 1.5em;\" alt=\"dieagramm_abstimmung_homophobiezensur\" src=\"https:\/\/www.konstantin-goerlich.de\/wordpress\/wp-content\/uploads\/2014\/04\/dieagramm_abstimmung_homophobiezensur.jpg\" width=\"250\" height=\"254\" srcset=\"https:\/\/www.konstantin-goerlich.de\/wordpress\/wp-content\/uploads\/2014\/04\/dieagramm_abstimmung_homophobiezensur.jpg 250w, https:\/\/www.konstantin-goerlich.de\/wordpress\/wp-content\/uploads\/2014\/04\/dieagramm_abstimmung_homophobiezensur-148x150.jpg 148w\" sizes=\"(max-width: 250px) 100vw, 250px\" \/>Das Meinungsbild, das ich neulich dar\u00fcber <a href=\"https:\/\/www.konstantin-goerlich.de\/wordpress\/2014\/03\/24\/homophober-ex-rcds-chef-um-guten-ruf-besorgt\/\" target=\"_blank\">erbeten<\/a> hatte, ob der Name eines ehemaligen RCDS-Vorsitzenden aus einem Artikel \u00fcber dessen <a href=\"https:\/\/www.konstantin-goerlich.de\/wordpress\/2010\/11\/04\/rcds-vorsitzender-sauft-nicht-mit-schwulen\/\" target=\"_blank\">homophobes Verhalten<\/a> im Amt gek\u00fcrzt werden sollte, wie es von deinguterruf.de freundlich vorgeschlagen wurde, ist fertig. Ich teile der versammelten Leseschar mit: <strong>Das Meinungsbild geht stark negativ aus.<\/strong> Ganze 78% sind gegen die K\u00fcrzung, nur 22% daf\u00fcr. Teilgenommen haben 86 Personen, Manipulationsversuche sind keine aufgefallen.<\/p>\n<p>Noch st\u00e4rker als das Meinungsbild wendete sich die <a href=\"https:\/\/www.facebook.com\/konstantin.goerlich\/posts\/10201591301255559\" target=\"_blank\">Diskussion (bei Facebook)<\/a> im Ergebnis gegen eine K\u00fcrzung \u2013 logischer Weise nicht nur per Click, sondern mit Argumenten. Vielen von Euch war besonders aufgesto\u00dfen, da\u00df Daniel Bierbrauer offenbar keine Einsicht zeigt, sondern lediglich die Vergangenheit seinem Bild entsprechend ver\u00e4ndern m\u00f6chte. Eine Leserin schreibt:<\/p>\n<blockquote><p>Er kann sich ja gerne \u00f6ffentlich davon distanzieren oder gar durch Taten zeigen, dass er seine Meinung ge\u00e4ndert hat. Falls er das hat. <strong>Ansonsten w\u00fcrde ja auch das L\u00f6schen gar keinen Sinn ergeben.<\/strong><\/p><\/blockquote>\n<p>Das l\u00e4sst sich h\u00f6ren und findet durchweg Zuspruch. Insbesondere das Einschalten einer Agentur wie deinguterruf.de st\u00f6\u00dft bei Euch auf wenig Verst\u00e4ndnis. Ein Leser bringt es auf den Punkt:<\/p>\n<blockquote><p>Er kann doch unter deinen Artikel einen Kommentar setzen, in dem er den Vorgang schildert. Au\u00dferdem kann er sich doch direkt bei dir melden, statt so ne Agentur einzusetzen.<\/p><\/blockquote>\n<p>In der Tat, so einfach k\u00f6nnte es sein. Und so einfach war es auch schon 2010. Zudem hat er sich, anders als urspr\u00fcnglich vermutet, nicht aus der Politik zur\u00fcckgezogen. Im Gegenteil, ein Leser hat ihn <strong>wiedergefunden<\/strong>:<\/p>\n<blockquote><p>Naja. Er scheint ja doch noch politisch fragw\u00fcrdig aktiv zu sein:\u00a0<a dir=\"ltr\" href=\"http:\/\/www.cdl-freiburg.de\/index.php?id=53\" target=\"_blank\" rel=\"nofollow\" data-reactid=\".1.1:3:1:$comment10201591301255559_61709399:0.0.$right.0.$left.0.0.0:$comment-body.0.$range0:0\">http:\/\/www.cdl-freiburg.de\/index.php?id=53<\/a>.\u00a0In diesem Sinne f\u00e4nde ich auch eine L\u00f6schung ungerechtfertigt. <strong>Ein klarer Prinzipienwandel sieht anders aus<\/strong>.<\/p><\/blockquote>\n<p>Damit war die Diskussion im Grunde auch schon entschieden, denn Daniel Bierbrauer ist jetzt Vorsitzender der &#8222;Christdemokraten f\u00fcr das Leben, Regionalverband Freiburg-S\u00fcdbaden&#8220;. Das Urteil einer Leserin angesichts dieses Amtes in einer Lebenssch\u00fctzer-Organisation:<\/p>\n<blockquote><p>Ewig gestrig ist er immer noch. Ich darf mal die Selbstbeschreibung der Organisation zitieren: &#8222;Wir setzen uns f\u00fcr einen umfassenderen Schutz von Ehe und Familie [&#8230;] ein&#8220;. Was das in ach so christlichen Kreisen hei\u00dft, d\u00fcrfte bekannt sein.<\/p><\/blockquote>\n<p>Damit steht f\u00fcr mich fest: Es hat sich an der Situation nichts ge\u00e4ndert, er kann sich weiterhin von seinem Verhalten distanzieren, er kann hier und im urspr\u00fcnglichen Artikel weiterhin kommentieren oder eine E-Mail schreiben. Er ist weiterhin einschl\u00e4gig politisch aktiv. <strong>Eine K\u00fcrzung des Namens kommt f\u00fcr mich daher nun nicht mehr infrage.<\/strong><\/p>\n<p>Der Vollst\u00e4ndigkeit halber hier noch meine abschlie\u00dfende Antwort an deinguterruf.de \u2013 die Kommunikation lief \u00fcbrigens \u00fcberaus freundlich, wie in der Werbung versprochen.<\/p>\n<blockquote><p>Sehr geehrte Frau S.,<\/p>\n<p>die Diskussion mit meinen Lesern hat abschlie\u00dfend ergeben, da\u00df eine K\u00fcrzung des Namens nicht infrage kommt. Hauptgrund daf\u00fcr ist das weiterhin einschl\u00e4gige politische Engagement von Daniel Bierbrauer als CDL-Vorsitzender in Freiburg, wodurch die Angelegenheit von \u00f6ffentlichem Interesse bleibt.<\/p>\n<p>Ich bedanke mich f\u00fcr die freundliche Kommunikation, w\u00fcnsche Ihnen weiterhin viel Erfolg mit deinguterruf.de und da\u00df Sie pers\u00f6nlich niemals von solcher Diskriminierung wie im vorliegenden Fall betroffen sein werden.<\/p>\n<p>mit freundlichen Gr\u00fc\u00dfen<br \/>\nK. G\u00f6rlich<\/p><\/blockquote>\n","protected":false},"excerpt":{"rendered":"<p>Das Meinungsbild, das ich neulich dar\u00fcber erbeten hatte, ob der Name eines ehemaligen RCDS-Vorsitzenden aus einem Artikel \u00fcber dessen homophobes Verhalten im Amt gek\u00fcrzt werden sollte, wie es von deinguterruf.de freundlich vorgeschlagen wurde, ist fertig. Ich teile der versammelten Leseschar mit: Das Meinungsbild geht stark negativ aus. Ganze 78% sind gegen die K\u00fcrzung, nur 22% &#8230; <\/p>\n<p class=\"read-more-container\"><a title=\"Daniel Bierbrauer wird nicht gek\u00fcrzt.\" class=\"read-more button\" href=\"https:\/\/www.konstantin-goerlich.de\/wordpress\/2014\/04\/07\/daniel_bierbrauer_wird_nicht_gekuerzt\/#more-1274\" aria-label=\"Mehr Informationen \u00fcber Daniel Bierbrauer wird nicht gek\u00fcrzt.\">weiterlesen<\/a><\/p>\n","protected":false},"author":1,"featured_media":0,"comment_status":"open","ping_status":"open","sticky":false,"template":"","format":"standard","meta":{"footnotes":""},"categories":[1],"tags":[],"_links":{"self":[{"href":"https:\/\/www.konstantin-goerlich.de\/wordpress\/wp-json\/wp\/v2\/posts\/1274"}],"collection":[{"href":"https:\/\/www.konstantin-goerlich.de\/wordpress\/wp-json\/wp\/v2\/posts"}],"about":[{"href":"https:\/\/www.konstantin-goerlich.de\/wordpress\/wp-json\/wp\/v2\/types\/post"}],"author":[{"embeddable":true,"href":"https:\/\/www.konstantin-goerlich.de\/wordpress\/wp-json\/wp\/v2\/users\/1"}],"replies":[{"embeddable":true,"href":"https:\/\/www.konstantin-goerlich.de\/wordpress\/wp-json\/wp\/v2\/comments?post=1274"}],"version-history":[{"count":2,"href":"https:\/\/www.konstantin-goerlich.de\/wordpress\/wp-json\/wp\/v2\/posts\/1274\/revisions"}],"predecessor-version":[{"id":1277,"href":"https:\/\/www.konstantin-goerlich.de\/wordpress\/wp-json\/wp\/v2\/posts\/1274\/revisions\/1277"}],"wp:attachment":[{"href":"https:\/\/www.konstantin-goerlich.de\/wordpress\/wp-json\/wp\/v2\/media?parent=1274"}],"wp:term":[{"taxonomy":"category","embeddable":true,"href":"https:\/\/www.konstantin-goerlich.de\/wordpress\/wp-json\/wp\/v2\/categories?post=1274"},{"taxonomy":"post_tag","embeddable":true,"href":"https:\/\/www.konstantin-goerlich.de\/wordpress\/wp-json\/wp\/v2\/tags?post=1274"}],"curies":[{"name":"wp","href":"https:\/\/api.w.org\/{rel}","templated":true}]}}