{"id":1272,"date":"2014-03-29T09:58:51","date_gmt":"2014-03-29T08:58:51","guid":{"rendered":"http:\/\/www.konstantin-goerlich.de\/wordpress\/?p=1272"},"modified":"2014-03-29T09:52:43","modified_gmt":"2014-03-29T08:52:43","slug":"nicht-erschrecken-das-ist-nur-die-sirenenprobe","status":"publish","type":"post","link":"https:\/\/www.konstantin-goerlich.de\/wordpress\/2014\/03\/29\/nicht-erschrecken-das-ist-nur-die-sirenenprobe\/","title":{"rendered":"Nicht erschrecken: Das ist nur die Sirenenprobe!"},"content":{"rendered":"<p>Gleich wird es laut in Freiburg, denn <a href=\"http:\/\/www.freiburg.de\/pb\/,Lde\/611014.html\" target=\"_blank\">das Amt f\u00fcr Brand- und Katastrophenschutz testet<\/a> halbj\u00e4hrlich seine Sirenen. Diesmal im Programm: Feueralarm und Entwarnung. Nicht getestet wird der Heulton, der die Bev\u00f6lkerung auffordert, <s>Twitter<\/s> die Rundfunkger\u00e4te einzuschalten.<\/p>\n","protected":false},"excerpt":{"rendered":"<p>Gleich wird es laut in Freiburg, denn das Amt f\u00fcr Brand- und Katastrophenschutz testet halbj\u00e4hrlich seine Sirenen. Diesmal im Programm: Feueralarm und Entwarnung. Nicht getestet wird der Heulton, der die Bev\u00f6lkerung auffordert, Twitter die Rundfunkger\u00e4te einzuschalten.<\/p>\n","protected":false},"author":1,"featured_media":0,"comment_status":"open","ping_status":"open","sticky":false,"template":"","format":"standard","meta":{"footnotes":""},"categories":[1],"tags":[],"_links":{"self":[{"href":"https:\/\/www.konstantin-goerlich.de\/wordpress\/wp-json\/wp\/v2\/posts\/1272"}],"collection":[{"href":"https:\/\/www.konstantin-goerlich.de\/wordpress\/wp-json\/wp\/v2\/posts"}],"about":[{"href":"https:\/\/www.konstantin-goerlich.de\/wordpress\/wp-json\/wp\/v2\/types\/post"}],"author":[{"embeddable":true,"href":"https:\/\/www.konstantin-goerlich.de\/wordpress\/wp-json\/wp\/v2\/users\/1"}],"replies":[{"embeddable":true,"href":"https:\/\/www.konstantin-goerlich.de\/wordpress\/wp-json\/wp\/v2\/comments?post=1272"}],"version-history":[{"count":1,"href":"https:\/\/www.konstantin-goerlich.de\/wordpress\/wp-json\/wp\/v2\/posts\/1272\/revisions"}],"predecessor-version":[{"id":1273,"href":"https:\/\/www.konstantin-goerlich.de\/wordpress\/wp-json\/wp\/v2\/posts\/1272\/revisions\/1273"}],"wp:attachment":[{"href":"https:\/\/www.konstantin-goerlich.de\/wordpress\/wp-json\/wp\/v2\/media?parent=1272"}],"wp:term":[{"taxonomy":"category","embeddable":true,"href":"https:\/\/www.konstantin-goerlich.de\/wordpress\/wp-json\/wp\/v2\/categories?post=1272"},{"taxonomy":"post_tag","embeddable":true,"href":"https:\/\/www.konstantin-goerlich.de\/wordpress\/wp-json\/wp\/v2\/tags?post=1272"}],"curies":[{"name":"wp","href":"https:\/\/api.w.org\/{rel}","templated":true}]}}