{"id":1263,"date":"2014-03-25T12:18:43","date_gmt":"2014-03-25T11:18:43","guid":{"rendered":"http:\/\/www.konstantin-goerlich.de\/wordpress\/?p=1263"},"modified":"2014-03-25T18:31:37","modified_gmt":"2014-03-25T17:31:37","slug":"freiburg-sperrt-sich-ab","status":"publish","type":"post","link":"https:\/\/www.konstantin-goerlich.de\/wordpress\/2014\/03\/25\/freiburg-sperrt-sich-ab\/","title":{"rendered":"Freiburg sperrt sich ab. (Update)"},"content":{"rendered":"<p>Tut es nicht ganz, aber so wird es sich anf\u00fchlen, wenn man ab n\u00e4chstem Jahr den Augustinerplatz aufsucht, am sp\u00e4ten Nachmittag, um dort gem\u00fctlich und in Ruhe mit vielen anderen in den Abend zu starten. Denn ab n\u00e4chstem Jahr hat Freiburg, wenn es der Gemeinderat heute tats\u00e4chlich beschlie\u00dfen sollte, einen Kommunalen Ordnungsdienst. Allein 10 dieser schwarzen, bewaffneten Hilfssheriffs werden ab 17 Uhr den Augustinerplatz <strong>umstellen<\/strong>, vermeintlich um f\u00fcr Ruhe zu sorgen, aber u.a. auch um Pischko, Freiburgs ber\u00fchmten, nettesten Bierverk\u00e4ufer, zu verjagen.<\/p>\n<p>Was als Debatte um sogenannte Ruhest\u00f6rungen in einer lebendigen Innenstadt, empfunden von Leuten, die u.a. gerade wegen dieser Lebendigkeit in die Innenstadt gezogen sind (niemand muss dort leben, weil er sich nichts anderes leisten kann), begann, w\u00e4chst sich nun zu einer zwanzigk\u00f6pfigen Hydra aus. Das ist also die Antwort auf den Prozess gegenseitigen <strong>Verst\u00e4ndnisses<\/strong> von Platznutzern und Anwohnern, an dessen Ende die S\u00e4ule der Toleranz stand und bei dem freundliche, junge Infoteams die vereinzelten Ruherst\u00f6rer mit Argumenten zu \u00fcberzeugen wu\u00dften. Der Kommunale Ordnungsdienst hingegen soll mit <strong>Pfefferspray<\/strong> ausger\u00fcstet werden.<\/p>\n<p>Sollte sich Freiburg wirklich sich selbst gegen\u00fcber so intolerant zeigen, wie es die Verwaltungsvorlage vorsieht, w\u00e4re es nur konsequent, die S\u00e4ule der Toleranz sp\u00e4testens an dem Tag zu verschrotten, an dem die grimmigen Herren vom Schallschutz erstmals aufmarschieren. Ein anderer Name f\u00fcr den KOD abgek\u00fcrzten Ordnungsdienst wird \u00fcbrigens noch gesucht. Mein Vorschlag: Schallabwehrleviathan ordnungsmanischer Obernarren \u2013 SALOMON.<\/p>\n<p><strong>UPDATE<\/strong> 25.03.2014, 18:30 Uhr: Soeben hat der Gemeinderat das KOD-Konzept mit 26 zu 22 Stimmen beschlossen.<\/p>\n","protected":false},"excerpt":{"rendered":"<p>Tut es nicht ganz, aber so wird es sich anf\u00fchlen, wenn man ab n\u00e4chstem Jahr den Augustinerplatz aufsucht, am sp\u00e4ten Nachmittag, um dort gem\u00fctlich und in Ruhe mit vielen anderen in den Abend zu starten. Denn ab n\u00e4chstem Jahr hat Freiburg, wenn es der Gemeinderat heute tats\u00e4chlich beschlie\u00dfen sollte, einen Kommunalen Ordnungsdienst. Allein 10 dieser &#8230; <\/p>\n<p class=\"read-more-container\"><a title=\"Freiburg sperrt sich ab. (Update)\" class=\"read-more button\" href=\"https:\/\/www.konstantin-goerlich.de\/wordpress\/2014\/03\/25\/freiburg-sperrt-sich-ab\/#more-1263\" aria-label=\"Mehr Informationen \u00fcber Freiburg sperrt sich ab. (Update)\">weiterlesen<\/a><\/p>\n","protected":false},"author":1,"featured_media":0,"comment_status":"open","ping_status":"open","sticky":false,"template":"","format":"standard","meta":{"footnotes":""},"categories":[1],"tags":[],"_links":{"self":[{"href":"https:\/\/www.konstantin-goerlich.de\/wordpress\/wp-json\/wp\/v2\/posts\/1263"}],"collection":[{"href":"https:\/\/www.konstantin-goerlich.de\/wordpress\/wp-json\/wp\/v2\/posts"}],"about":[{"href":"https:\/\/www.konstantin-goerlich.de\/wordpress\/wp-json\/wp\/v2\/types\/post"}],"author":[{"embeddable":true,"href":"https:\/\/www.konstantin-goerlich.de\/wordpress\/wp-json\/wp\/v2\/users\/1"}],"replies":[{"embeddable":true,"href":"https:\/\/www.konstantin-goerlich.de\/wordpress\/wp-json\/wp\/v2\/comments?post=1263"}],"version-history":[{"count":5,"href":"https:\/\/www.konstantin-goerlich.de\/wordpress\/wp-json\/wp\/v2\/posts\/1263\/revisions"}],"predecessor-version":[{"id":1270,"href":"https:\/\/www.konstantin-goerlich.de\/wordpress\/wp-json\/wp\/v2\/posts\/1263\/revisions\/1270"}],"wp:attachment":[{"href":"https:\/\/www.konstantin-goerlich.de\/wordpress\/wp-json\/wp\/v2\/media?parent=1263"}],"wp:term":[{"taxonomy":"category","embeddable":true,"href":"https:\/\/www.konstantin-goerlich.de\/wordpress\/wp-json\/wp\/v2\/categories?post=1263"},{"taxonomy":"post_tag","embeddable":true,"href":"https:\/\/www.konstantin-goerlich.de\/wordpress\/wp-json\/wp\/v2\/tags?post=1263"}],"curies":[{"name":"wp","href":"https:\/\/api.w.org\/{rel}","templated":true}]}}