{"id":1254,"date":"2014-03-24T14:47:00","date_gmt":"2014-03-24T13:47:00","guid":{"rendered":"http:\/\/www.konstantin-goerlich.de\/wordpress\/?p=1254"},"modified":"2015-02-08T19:05:32","modified_gmt":"2015-02-08T18:05:32","slug":"homophober-ex-rcds-chef-um-guten-ruf-besorgt","status":"publish","type":"post","link":"https:\/\/www.konstantin-goerlich.de\/wordpress\/2014\/03\/24\/homophober-ex-rcds-chef-um-guten-ruf-besorgt\/","title":{"rendered":"Homophober Ex-RCDS-Chef um guten Ruf besorgt. Um seinen."},"content":{"rendered":"<p><strong>Es ist schon eine Weile her: Im <a href=\"http:\/\/www.u-asta.uni-freiburg.de\/engagement\/referate\/presse\/u-asta-infos\/wise1011\/812.pdf\" target=\"_blank\">u-Bote Nr. 812<\/a>, erschienen am 4. November 2010, schreibt das SchwuLesBi-Referat des u-asta auf Seite 10 einen offenen Brief unter dem Titel &#8222;Rettet den RCDS!&#8220; an selbigen, in dem es einen homophoben Zwischenfall mit dem damaligen RCDS-Vorsitzenden \u00f6ffentlich macht. Dar\u00fcber hatte ich berichtet: <a href=\"https:\/\/www.konstantin-goerlich.de\/wordpress\/2010\/11\/04\/rcds-vorsitzender-sauft-nicht-mit-schwulen\/\" target=\"_blank\">RCDS-Vorsitzender s\u00e4uft nicht mit Schwulen<\/a>.<\/strong><\/p>\n<p style=\"text-align: center;\"><img decoding=\"async\" class=\"aligncenter  wp-image-1258\" src=\"https:\/\/www.konstantin-goerlich.de\/wordpress\/wp-content\/uploads\/2014\/03\/leere_bierglaeser.jpg\" alt=\"leere biergl\u00e4ser\" width=\"100%\" srcset=\"https:\/\/www.konstantin-goerlich.de\/wordpress\/wp-content\/uploads\/2014\/03\/leere_bierglaeser.jpg 640w, https:\/\/www.konstantin-goerlich.de\/wordpress\/wp-content\/uploads\/2014\/03\/leere_bierglaeser-150x100.jpg 150w, https:\/\/www.konstantin-goerlich.de\/wordpress\/wp-content\/uploads\/2014\/03\/leere_bierglaeser-300x200.jpg 300w\" sizes=\"(max-width: 640px) 100vw, 640px\" \/><\/p>\n<p>Ob der damalige RCDS-Vorsitzende seine Einstellung inzwischen ge\u00e4ndert hat, ist mir leider nicht bekannt. Was ich aber sicher sagen kann: Er m\u00f6chte zumindest sein Verhalten ungeschehen machen. Oder wenigstens unsichtbar. Es ist n\u00e4mlich so, da\u00df ich eine Anfrage von <a href=\"http:\/\/www.deinguterruf.de\" target=\"_blank\">deinguterruf.de<\/a> erhalten habe, in der man mich freundlich bittet, den Artikel von damals zu l\u00f6schen oder wenigstens den Namen unkenntlich zu machen. Echt wahr.<\/p>\n<p>Und tats\u00e4chlich: Bei einer Google-Suche nach dem Namen erscheint mein Artikel auf Platz 4, direkt nach den gleichnamigen Profilen bei Xing und LinkedIn. Und direkt vor zwei verbindungskritischen Texten, der <a href=\"https:\/\/www.u-asta.uni-freiburg.de\/Members\/vorstand\/vs_burschen\" target=\"_blank\">eine<\/a> beim u-asta, der <a href=\"http:\/\/verbindungswatch.blogspot.de\/2010\/11\/homophober-rcds-und-fragwurdiges-keilen.html\" target=\"_blank\">andere<\/a> bei Verbindungswatch. Bei einer Suche nach &#8222;RCDS schwul&#8220; schafft er es sogar auf Platz eins. Nun geht es aber nicht um meine SEO-F\u00e4higkeiten, sondern um die Namensnennung.<\/p>\n<p>Damals, vor etwas mehr als drei Jahren und ziemlich genau 7 Semestern, musste er zu seinem Verhalten und seinen Aussagen als Vorsitzender eine Parteihochschulgruppe stehen, keine Frage. Aber heute, da geht es um die Karriere, wom\u00f6glich weit \u00fcber Verbindungs- und Parteinetzwerke hinaus. Der u-asta (die Studierendenvertretung an der Uni Freiburg nachdem und bevor es eine Verfasste Studierendenschaft in Baden-W\u00fcrttemberg gab) ist abgewickelt, der u-Bote (die \u00e4lteste durchg\u00e4ngig erscheinende Studierendenzeitung Deutschlands) hei\u00dft inzwischen Berta (echt wahr). Aber Homophobie gibt es weiterhin, sogar verst\u00e4rkt, wenn man an den <a href=\"https:\/\/www.konstantin-goerlich.de\/wordpress\/2014\/01\/13\/gegen-petitionen-auch-gegen-gegenpetitionen-idpet\/\" target=\"_blank\">Wirbel um gewisse Online-Petitionen<\/a> denkt.<\/p>\n<p>So bin ich mir unschl\u00fcssig (nicht wahr) und habe meine Entscheidung auf kommende Woche vertagt. Bis dahin <del>bitte<\/del>\u00a0bat ich Euch mal um ein Meinungsbild (mit einem Poll-Plugin, das ich inzwischen deaktiviert habe. Das Ergebnis gibt&#8217;s aber <a href=\"https:\/\/www.konstantin-goerlich.de\/wordpress\/2014\/04\/07\/daniel_bierbrauer_wird_nicht_gekuerzt\/\">hier<\/a>.).<\/p>\n<p>Die Umfrage <del>l\u00e4uft<\/del>\u00a0lief bis Montag, 31. M\u00e4rz, dann gibt&#8217;s das Ergebnis, so gegen 19 Uhr. Ich bin aber auch sehr gespannt auf Eure Meinungen zu diesem Vorgang und zum Recht auf digitiales Vergessen: Ab damit in die Kommentare!<\/p>\n<hr \/>\n<p>[Bild <a href=\"https:\/\/creativecommons.org\/licenses\/by-nc-nd\/2.0\/deed.de\" target=\"_blank\">CC BY-NC-ND 2.0<\/a>\u00a0by\u00a0<a href=\"http:\/\/www.flickr.com\/photos\/traveller_40\/\" target=\"_blank\">Flickr-User Traveller_40<\/a>]<\/p>\n","protected":false},"excerpt":{"rendered":"<p>Es ist schon eine Weile her: Im u-Bote Nr. 812, erschienen am 4. November 2010, schreibt das SchwuLesBi-Referat des u-asta auf Seite 10 einen offenen Brief unter dem Titel &#8222;Rettet den RCDS!&#8220; an selbigen, in dem es einen homophoben Zwischenfall mit dem damaligen RCDS-Vorsitzenden \u00f6ffentlich macht. Dar\u00fcber hatte ich berichtet: RCDS-Vorsitzender s\u00e4uft nicht mit Schwulen. &#8230; <\/p>\n<p class=\"read-more-container\"><a title=\"Homophober Ex-RCDS-Chef um guten Ruf besorgt. Um seinen.\" class=\"read-more button\" href=\"https:\/\/www.konstantin-goerlich.de\/wordpress\/2014\/03\/24\/homophober-ex-rcds-chef-um-guten-ruf-besorgt\/#more-1254\" aria-label=\"Mehr Informationen \u00fcber Homophober Ex-RCDS-Chef um guten Ruf besorgt. Um seinen.\">weiterlesen<\/a><\/p>\n","protected":false},"author":1,"featured_media":0,"comment_status":"open","ping_status":"open","sticky":false,"template":"","format":"standard","meta":{"footnotes":""},"categories":[1],"tags":[],"_links":{"self":[{"href":"https:\/\/www.konstantin-goerlich.de\/wordpress\/wp-json\/wp\/v2\/posts\/1254"}],"collection":[{"href":"https:\/\/www.konstantin-goerlich.de\/wordpress\/wp-json\/wp\/v2\/posts"}],"about":[{"href":"https:\/\/www.konstantin-goerlich.de\/wordpress\/wp-json\/wp\/v2\/types\/post"}],"author":[{"embeddable":true,"href":"https:\/\/www.konstantin-goerlich.de\/wordpress\/wp-json\/wp\/v2\/users\/1"}],"replies":[{"embeddable":true,"href":"https:\/\/www.konstantin-goerlich.de\/wordpress\/wp-json\/wp\/v2\/comments?post=1254"}],"version-history":[{"count":8,"href":"https:\/\/www.konstantin-goerlich.de\/wordpress\/wp-json\/wp\/v2\/posts\/1254\/revisions"}],"predecessor-version":[{"id":1419,"href":"https:\/\/www.konstantin-goerlich.de\/wordpress\/wp-json\/wp\/v2\/posts\/1254\/revisions\/1419"}],"wp:attachment":[{"href":"https:\/\/www.konstantin-goerlich.de\/wordpress\/wp-json\/wp\/v2\/media?parent=1254"}],"wp:term":[{"taxonomy":"category","embeddable":true,"href":"https:\/\/www.konstantin-goerlich.de\/wordpress\/wp-json\/wp\/v2\/categories?post=1254"},{"taxonomy":"post_tag","embeddable":true,"href":"https:\/\/www.konstantin-goerlich.de\/wordpress\/wp-json\/wp\/v2\/tags?post=1254"}],"curies":[{"name":"wp","href":"https:\/\/api.w.org\/{rel}","templated":true}]}}