{"id":1241,"date":"2014-01-29T13:39:45","date_gmt":"2014-01-29T12:39:45","guid":{"rendered":"http:\/\/www.konstantin-goerlich.de\/wordpress\/?p=1241"},"modified":"2014-01-29T15:23:00","modified_gmt":"2014-01-29T14:23:00","slug":"live-bleibt-schiewer-rektor-der-uni-freiburg-rektorfrei","status":"publish","type":"post","link":"https:\/\/www.konstantin-goerlich.de\/wordpress\/2014\/01\/29\/live-bleibt-schiewer-rektor-der-uni-freiburg-rektorfrei\/","title":{"rendered":"Live: Schiewer bleibt Rektor der Uni #Freiburg! #rektorfrei"},"content":{"rendered":"<p><center><\/p>\n<blockquote class=\"twitter-tweet\" lang=\"de\">\n<p>34 SenatorInnen haben abgestimmt: 26 Ja, 7 Nein bei 1 Enthaltungen. Damit ist Rektor Schiewer wiedergew\u00e4hlt. <a href=\"https:\/\/twitter.com\/search?q=%23sixmoreyears&amp;src=hash\">#sixmoreyears<\/a> <a href=\"https:\/\/twitter.com\/search?q=%23rektorfrei&amp;src=hash\">#rektorfrei<\/a> <a href=\"https:\/\/twitter.com\/search?q=%23fb&amp;src=hash\">#fb<\/a><\/p>\n<p>&mdash; Konstantin G\u00f6rlich (@Medienwandler) <a href=\"https:\/\/twitter.com\/Medienwandler\/statuses\/428530413125263360\">29. Januar 2014<\/a><\/p><\/blockquote>\n<p><script async src=\"\/\/platform.twitter.com\/widgets.js\" charset=\"utf-8\"><\/script><\/center><\/p>\n<p>Gestern hat ihn der Universit\u00e4tsrat <a href=\"http:\/\/www.badische-zeitung.de\/freiburg\/uni-rektor-schiewer-einstimmig-wiedergewaehlt\" target=\"_blank\">einstimmig wiedergew\u00e4hlt<\/a>, schon heute hat der Senat der Albert-Ludwigs-Universit\u00e4t Freiburg seine Wiederwahl best\u00e4tiget: Prof. Hans-Jochen Schiewer bleibt Rektor. Die Senatssitzung war zu diesem Tagesordnungspunkt \u00f6ffentlich, und ich hatte nichts besseres zu tun, als f\u00fcr Euch live davon zu berichten. Das Tool daf\u00fcr war Twitter, unter dem Hashtag #rektorfrei:<\/p>\n<p><center><a class=\"twitter-timeline\" href=\"https:\/\/twitter.com\/search?q=%23rektorfrei\" data-widget-id=\"428503862958256128\">Tweets \u00fcber &#8222;#rektorfrei&#8220;<\/a><br \/>\n<script type=\"text\/javascript\">\/\/ <![CDATA[\n!function(d,s,id){var js,fjs=d.getElementsByTagName(s)[0],p=\/^http:\/.test(d.location)?'http':'https';if(!d.getElementById(id)){js=d.createElement(s);js.id=id;js.src=p+\":\/\/platform.twitter.com\/widgets.js\";fjs.parentNode.insertBefore(js,fjs);}}(document,\"script\",\"twitter-wjs\");\n\/\/ ]]><\/script><\/center><\/p>\n","protected":false},"excerpt":{"rendered":"<p>34 SenatorInnen haben abgestimmt: 26 Ja, 7 Nein bei 1 Enthaltungen. Damit ist Rektor Schiewer wiedergew\u00e4hlt. #sixmoreyears #rektorfrei #fb &mdash; Konstantin G\u00f6rlich (@Medienwandler) 29. Januar 2014 Gestern hat ihn der Universit\u00e4tsrat einstimmig wiedergew\u00e4hlt, schon heute hat der Senat der Albert-Ludwigs-Universit\u00e4t Freiburg seine Wiederwahl best\u00e4tiget: Prof. Hans-Jochen Schiewer bleibt Rektor. Die Senatssitzung war zu diesem Tagesordnungspunkt &#8230; <\/p>\n<p class=\"read-more-container\"><a title=\"Live: Schiewer bleibt Rektor der Uni #Freiburg! #rektorfrei\" class=\"read-more button\" href=\"https:\/\/www.konstantin-goerlich.de\/wordpress\/2014\/01\/29\/live-bleibt-schiewer-rektor-der-uni-freiburg-rektorfrei\/#more-1241\" aria-label=\"Mehr Informationen \u00fcber Live: Schiewer bleibt Rektor der Uni #Freiburg! #rektorfrei\">weiterlesen<\/a><\/p>\n","protected":false},"author":1,"featured_media":0,"comment_status":"open","ping_status":"open","sticky":false,"template":"","format":"standard","meta":{"footnotes":""},"categories":[1],"tags":[],"_links":{"self":[{"href":"https:\/\/www.konstantin-goerlich.de\/wordpress\/wp-json\/wp\/v2\/posts\/1241"}],"collection":[{"href":"https:\/\/www.konstantin-goerlich.de\/wordpress\/wp-json\/wp\/v2\/posts"}],"about":[{"href":"https:\/\/www.konstantin-goerlich.de\/wordpress\/wp-json\/wp\/v2\/types\/post"}],"author":[{"embeddable":true,"href":"https:\/\/www.konstantin-goerlich.de\/wordpress\/wp-json\/wp\/v2\/users\/1"}],"replies":[{"embeddable":true,"href":"https:\/\/www.konstantin-goerlich.de\/wordpress\/wp-json\/wp\/v2\/comments?post=1241"}],"version-history":[{"count":7,"href":"https:\/\/www.konstantin-goerlich.de\/wordpress\/wp-json\/wp\/v2\/posts\/1241\/revisions"}],"predecessor-version":[{"id":1248,"href":"https:\/\/www.konstantin-goerlich.de\/wordpress\/wp-json\/wp\/v2\/posts\/1241\/revisions\/1248"}],"wp:attachment":[{"href":"https:\/\/www.konstantin-goerlich.de\/wordpress\/wp-json\/wp\/v2\/media?parent=1241"}],"wp:term":[{"taxonomy":"category","embeddable":true,"href":"https:\/\/www.konstantin-goerlich.de\/wordpress\/wp-json\/wp\/v2\/categories?post=1241"},{"taxonomy":"post_tag","embeddable":true,"href":"https:\/\/www.konstantin-goerlich.de\/wordpress\/wp-json\/wp\/v2\/tags?post=1241"}],"curies":[{"name":"wp","href":"https:\/\/api.w.org\/{rel}","templated":true}]}}