{"id":1226,"date":"2014-01-13T19:09:13","date_gmt":"2014-01-13T18:09:13","guid":{"rendered":"http:\/\/www.konstantin-goerlich.de\/wordpress\/?p=1226"},"modified":"2014-01-13T19:21:13","modified_gmt":"2014-01-13T18:21:13","slug":"gegen-petitionen-auch-gegen-gegenpetitionen-idpet","status":"publish","type":"post","link":"https:\/\/www.konstantin-goerlich.de\/wordpress\/2014\/01\/13\/gegen-petitionen-auch-gegen-gegenpetitionen-idpet\/","title":{"rendered":"Gegen Petitionen. Auch gegen Gegenpetitionen. #idpet"},"content":{"rendered":"<p>Es war irgendwann im Dezember des vergangenen Jahres, als auf einem E-Mailverteiler einer gro\u00dfen deutschen Grundrechtepartei hie\u00df: &#8222;Diese Petition schl\u00e4gt ja etwas Wellen.&#8220; Die Rede war von der homophoben Petition auf openPetition.de, die man getrost als v\u00f6llig Gaga und verworren bezeichnen k\u00f6nnte, w\u00e4re sie nicht derma\u00dfen von abgrundtiefer, boshafter Menschenfeindlichkeit durchsetzt und manipulativ verlogen, da\u00df man sie nur als giftig klassifizieren kann. Wenn nicht sogar <a href=\"http:\/\/www.lsvd.de\/newsletters\/newsletter-2014\/lsvd-stellt-strafanzeige-gegen-openpetition.html\" target=\"_blank\"><strong>volksverhetzend<\/strong><\/a>. Ganz zu schweigen von den Kommentaren, aber dazu (und \u00fcberhaupt) lest bitte <strong><a href=\"http:\/\/kleinerdrei.org\/2014\/01\/hatespeech-ist-keine-freie-meinungsaeusserung-gedanken-zur-idpet\/\" target=\"_blank\">Hatespeech ist keine freie Meinungs\u00e4u\u00dferung<\/a><\/strong>.\u00a0Die erste Reaktion auf besagter Mailingliste war denn auch &#8222;Da platzt mir doch glatt die Hutschnur! So eine homophobe Kackschei\u00dfe! Hat der Mensch die Verfassung, auf die\u00a0er geschworen hat, auch gelesen?&#8220;<\/p>\n<p>Normalerweise w\u00e4re die Geschichte hier beendet gewesen. Petitionen gibt es wie den Sand am Meer, in dem sie f\u00fcr gew\u00f6hnlich verlaufen. Auch die daf\u00fcr notwendigen Petitionsportale sprie\u00dfen an allen Ecken und Enden wie Pilze aus dem Boden. Im Grunde genommen handelt es sich dabei um nichts weiter als <strong>unverbindliche<\/strong> Unterschriftensammlungen. Der Begriff &#8222;Petition&#8220; verschleiert dies leider, denn Folgen haben sie, anders als e-Petitionen an den Petitionsausschu\u00df des Deutschen Bundestages, keine: Egal welches Quorum gesetzt oder erreicht wird, egal wer als Adressat genannt wird, niemand mu\u00df sich auch nur durchlesen, was da so alles petiert und signiert wird.<\/p>\n<p><center><\/p>\n<blockquote class=\"twitter-tweet\" lang=\"de\" style=\"text-align: center;\">\n<p style=\"text-align: center;\">Bislang unterschrieben 1551 Unterst\u00fctzer eine Petition, die ein Verbot der Gr\u00fcnen fordert. Keine Pointe. <a href=\"https:\/\/t.co\/nL00Y83cib\">https:\/\/t.co\/nL00Y83cib<\/a><\/p>\n<p style=\"text-align: center;\">\u2014 M. Schmalenstroer (@MschFr) <a href=\"https:\/\/twitter.com\/MschFr\/statuses\/422754949198409729\">13. Januar 2014<\/a><\/p>\n<\/blockquote>\n<p>&nbsp;<\/p>\n<p><\/center><\/p>\n<p style=\"text-align: left;\">\n<p style=\"text-align: left;\"><span style=\"line-height: 1.5em;\">Und zust\u00e4ndig wird man davon auch nicht:<\/span><\/p>\n<p><center><\/p>\n<blockquote class=\"twitter-tweet\" lang=\"de\" style=\"text-align: center;\">\n<p style=\"text-align: center;\">Noch spa\u00dfiger: Die Petition richtig sich an den daf\u00fcr definitiv nicht zust\u00e4ndigen s\u00e4chsischen Landtag.<\/p>\n<p style=\"text-align: center;\">\u2014 M. Schmalenstroer (@MschFr) <a href=\"https:\/\/twitter.com\/MschFr\/statuses\/422755316103516161\">13. Januar 2014<\/a><\/p>\n<\/blockquote>\n<p>&nbsp;<\/p>\n<p><\/center><\/p>\n<p style=\"text-align: left;\">\n<p style=\"text-align: left;\"><span style=\"line-height: 1.5em;\">Das bringt uns gleich zum zweiten Problem: <\/span><strong style=\"line-height: 1.5em;\">Nichts wird signiert<\/strong><span style=\"line-height: 1.5em;\">, auch wenn Begriffe wie &#8222;unterschreiben&#8220; oder &#8222;mitzeichnen&#8220; dies suggerieren. Es werden lediglich Buchstaben in Formularfelder eingegeben, die dann gespeichert werden. Die Anzahl dieser Datens\u00e4tze wird dann &#8222;Anzahl der Unterzeichner&#8220; genannt. Immerhin, bei\u00a0campact.de, wo nun auch eine Gegenpetition, die der Landesregierung Mut machen will, l\u00e4uft, l\u00e4sst man sich wenigstens den Empfang einer E-Mail best\u00e4tigen: &#8222;Ihre Best\u00e4tigung ist wichtig f\u00fcr das politische Gewicht dieser Aktion. Nur so k\u00f6nnen wir glaubhaft machen, dass hinter jedem Teilnehmer auch tats\u00e4chlich ein Mensch steht.&#8220; K\u00f6nnt Ihr nicht. Leider. Im Gegenteil: Leichter w\u00e4re es, glaubhaft zu machen, da\u00df hinter allen Teilnehmern ein einziger Mensch steht \u2013 genug E-Mailadressen und ein wenig Programmierkenntnisse vorausgesetzt.<\/span><\/p>\n<p><center><\/p>\n<blockquote class=\"twitter-tweet\" lang=\"de\" style=\"text-align: center;\">\n<p style=\"text-align: center;\">\u00fcber <a href=\"https:\/\/twitter.com\/oPetition\">@oPetition<\/a> wurde mein name benutzt, um den <a href=\"https:\/\/twitter.com\/search?q=%23idpet&amp;src=hash\">#idpet<\/a> link zu empfehlen: <a href=\"http:\/\/t.co\/wQd2XBaUDs\">pic.twitter.com\/wQd2XBaUDs<\/a><\/p>\n<p style=\"text-align: center;\">\u2014 anne wizorek (@marthadear) <a href=\"https:\/\/twitter.com\/marthadear\/statuses\/422748385343709184\">13. Januar 2014<\/a><\/p>\n<\/blockquote>\n<p>&nbsp;<\/p>\n<p><\/center><\/p>\n<p style=\"text-align: left;\">\n<p style=\"text-align: left;\"><span style=\"line-height: 1.5em;\">Bei openPetition.de kann man sich immerhin mit dem neuen, elektronischen Personalausweis verifizieren: &#8222;Sie ben\u00f6tigen dazu einen neuen Personalausweis mit aktivierter eID Funktion und PIN, einen\u00a0Kartenleser, die\u00a0AusweisApp\u00a0und in Ihrem Browser muss die Speicherung von Cookies erlaubt sein.\u00a0Die Identifizierung mit dem neuen Ausweis erfolgt in mehreren Schritten.&#8220; Nichts leichter als das. Nutzt man diese einfache M\u00f6glichkeit nicht, sondern gibt einfach nur seine (oder <\/span><a style=\"line-height: 1.5em;\" href=\"http:\/\/www.karnele.de\/missbrauch-personenbezogener-daten-fake-unterschrift-unterzeichnet-idpet\/\" target=\"_blank\">irgendwelche<\/a><span style=\"line-height: 1.5em;\">) Daten ein, muss man noch nicht einmal eine E-Mailbest\u00e4tigung klicken, um in der Liste der Unterzeichner aufzutauchen. Die Anbieter von Wegwerf-E-Mailadressen freut das gewiss nicht.<\/span><\/p>\n<p>Wer aber freut sich? Die Leute, die da mitmachen. Und das ist das dritte und gr\u00f6\u00dfte Problem: (In den meisten F\u00e4llen) wertvolle Energie f\u00fcr b\u00fcrgerschaftliches Engagement wird einfach so verbraucht. Erst wird &#8222;unterschrieben&#8220;, dann werden Freunde und Bekannte per E-Mail und sozialmedial dar\u00fcber in Kenntnis gesetzt. Und man hat richtig was getan. Ganz mutige &#8222;unterzeichnen&#8220; \u00f6ffentlich. (Oder ganz dumme, wie die inzwischen mutma\u00dflich \u00fcber 100.000 Leute, die sagen &#8222;Seht her, ich stehe mit meinem Namen f\u00fcr Hass, Homophobie und Menschenfeindlichkeit!&#8220;) Und dann \u00e4ndert sich auf Grund der ersten zwei Probleme: <strong>genau gar nichts<\/strong>. Das ist noch weniger, als bei der klassischen Unterschriftensammlung auf dem Marktplatz, nach der sich wenigstens ein Politiker bei der \u00dcbergabe dicker Ordner mit Unterschriftenlisten fotografieren lassen kann. Um dann nichts zu tun.<\/p>\n<p>Das ist kein Aktivismus, das ist Aktionismus. Das ist Gesetztheit, wo ein <a href=\"http:\/\/www.huffingtonpost.de\/sebastian-matthes\/aufstand-der-anstandigen_b_4574795.html\" target=\"_blank\">Aufstand<\/a> angebracht w\u00e4re.<\/p>\n<p>Auf die Spitze der Absurdit\u00e4t wird dieser Petitionismus jedoch in dem Moment getrieben, wo es Petitionen <em>gegen Petitionen<\/em> gibt, wie es jetzt in diesem Fall geschieht. Was soll das? Beide Petitionen haben als Quorum 100.000 &#8222;Unterzeichner&#8220;. Dort steht w\u00f6rtlich &#8222;100.000 ben\u00f6tigt&#8220;. Wof\u00fcr? Wenn beide Petitionen diese omin\u00f6sen 100.000 erreichen, <strong>dann wissen wir, da\u00df jeder Zweite Mensch in Baden-W\u00fcrttemberg f\u00fcr gruppenbezogene Hetze empf\u00e4nglich ist.<\/strong> Sch\u00f6nen Dank auch. Das ist nichts weiter als ein ideologischer, und man verzeihe mir als solidarischem Heterich dieses Wort, Schwanzvergleich, der theoretisch zu Auswertungen wie dieser hier f\u00fchrt:<\/p>\n<p style=\"text-align: center;\"><img decoding=\"async\" class=\"aligncenter  wp-image-1227\" alt=\"Screenshot 2014-01-13 17.17.04\" src=\"https:\/\/www.konstantin-goerlich.de\/wordpress\/wp-content\/uploads\/2014\/01\/Screenshot-2014-01-13-17.17.04.png\" width=\"100%\" srcset=\"https:\/\/www.konstantin-goerlich.de\/wordpress\/wp-content\/uploads\/2014\/01\/Screenshot-2014-01-13-17.17.04.png 939w, https:\/\/www.konstantin-goerlich.de\/wordpress\/wp-content\/uploads\/2014\/01\/Screenshot-2014-01-13-17.17.04-150x96.png 150w, https:\/\/www.konstantin-goerlich.de\/wordpress\/wp-content\/uploads\/2014\/01\/Screenshot-2014-01-13-17.17.04-300x192.png 300w\" sizes=\"(max-width: 939px) 100vw, 939px\" \/><\/p>\n<p style=\"text-align: left;\">Ich m\u00f6chte das nicht.<\/p>\n<p style=\"text-align: left;\">Ich m\u00f6chte, da\u00df alle lieben k\u00f6nnen, wen sie wollen, ohne daf\u00fcr auch nur einen Millimeter bewertet zu werden. Und daf\u00fcr m\u00fcssen wir mehr mit Menschen sprechen. Auch und besonders mit denen, die auf die Hetzpetition hereingefallen sind. Daf\u00fcr gibt es, das sollte bis hier hin klargeworden sein, mehrere Gr\u00fcnde: Die Hetze selbst wie auch ihren aktionistischen Verbreitungsweg \u00fcber eine Petition, die normalerweise nichts aus-, hier aber Schaden anrichtet. Bei \u00a0der Gelegenheit lie\u00dfe sich dann auch mal wieder diskutieren, auf welchem Weg zu welcher Form direkter Demokratie wir sein wollen. Sie ist gut, wenn sie aktiviert und vernetzt. Aber sie ist schlecht, wenn sie irgendwo zwischen Shitstorm und Pogrom Hass s\u00e4ht.<\/p>\n<p style=\"text-align: left;\">\u00dcbrigens, f\u00fcr meine Freiburger Leser: Ihr findet Eure Nachbarn zur Zeit auf Seite 34\/35 der <a href=\"https:\/\/www.openpetition.de\/petition\/unterzeichner\/zukunft-verantwortung-lernen-kein-bildungsplan-2015-unter-der-ideologie-des-regenbogens?seite=34\" target=\"_blank\">Unterzeichnerliste<\/a>, alphabetisch nach Vornamen geordnet. Warum auch immer. Eure Professoren findet Ihr unter &#8222;P&#8220;.<\/p>\n","protected":false},"excerpt":{"rendered":"<p>Es war irgendwann im Dezember des vergangenen Jahres, als auf einem E-Mailverteiler einer gro\u00dfen deutschen Grundrechtepartei hie\u00df: &#8222;Diese Petition schl\u00e4gt ja etwas Wellen.&#8220; Die Rede war von der homophoben Petition auf openPetition.de, die man getrost als v\u00f6llig Gaga und verworren bezeichnen k\u00f6nnte, w\u00e4re sie nicht derma\u00dfen von abgrundtiefer, boshafter Menschenfeindlichkeit durchsetzt und manipulativ verlogen, da\u00df &#8230; <\/p>\n<p class=\"read-more-container\"><a title=\"Gegen Petitionen. Auch gegen Gegenpetitionen. #idpet\" class=\"read-more button\" href=\"https:\/\/www.konstantin-goerlich.de\/wordpress\/2014\/01\/13\/gegen-petitionen-auch-gegen-gegenpetitionen-idpet\/#more-1226\" aria-label=\"Mehr Informationen \u00fcber Gegen Petitionen. Auch gegen Gegenpetitionen. #idpet\">weiterlesen<\/a><\/p>\n","protected":false},"author":1,"featured_media":0,"comment_status":"open","ping_status":"open","sticky":false,"template":"","format":"standard","meta":{"footnotes":""},"categories":[1],"tags":[],"_links":{"self":[{"href":"https:\/\/www.konstantin-goerlich.de\/wordpress\/wp-json\/wp\/v2\/posts\/1226"}],"collection":[{"href":"https:\/\/www.konstantin-goerlich.de\/wordpress\/wp-json\/wp\/v2\/posts"}],"about":[{"href":"https:\/\/www.konstantin-goerlich.de\/wordpress\/wp-json\/wp\/v2\/types\/post"}],"author":[{"embeddable":true,"href":"https:\/\/www.konstantin-goerlich.de\/wordpress\/wp-json\/wp\/v2\/users\/1"}],"replies":[{"embeddable":true,"href":"https:\/\/www.konstantin-goerlich.de\/wordpress\/wp-json\/wp\/v2\/comments?post=1226"}],"version-history":[{"count":12,"href":"https:\/\/www.konstantin-goerlich.de\/wordpress\/wp-json\/wp\/v2\/posts\/1226\/revisions"}],"predecessor-version":[{"id":1234,"href":"https:\/\/www.konstantin-goerlich.de\/wordpress\/wp-json\/wp\/v2\/posts\/1226\/revisions\/1234"}],"wp:attachment":[{"href":"https:\/\/www.konstantin-goerlich.de\/wordpress\/wp-json\/wp\/v2\/media?parent=1226"}],"wp:term":[{"taxonomy":"category","embeddable":true,"href":"https:\/\/www.konstantin-goerlich.de\/wordpress\/wp-json\/wp\/v2\/categories?post=1226"},{"taxonomy":"post_tag","embeddable":true,"href":"https:\/\/www.konstantin-goerlich.de\/wordpress\/wp-json\/wp\/v2\/tags?post=1226"}],"curies":[{"name":"wp","href":"https:\/\/api.w.org\/{rel}","templated":true}]}}