{"id":1220,"date":"2013-12-17T08:50:16","date_gmt":"2013-12-17T07:50:16","guid":{"rendered":"http:\/\/www.konstantin-goerlich.de\/wordpress\/?p=1220"},"modified":"2013-12-17T02:28:38","modified_gmt":"2013-12-17T01:28:38","slug":"heizt-die-neue-unibibliothek-freiburg-auf","status":"publish","type":"post","link":"https:\/\/www.konstantin-goerlich.de\/wordpress\/2013\/12\/17\/heizt-die-neue-unibibliothek-freiburg-auf\/","title":{"rendered":"Heizt die neue Unibibliothek #Freiburg auf?"},"content":{"rendered":"<p>Allm\u00e4hlich w\u00e4chst und gedeiht die Fassade der neuen Universit\u00e4tsbibliothek in Freiburg. Viele Fenster sind bereits eingebaut, dazwischen klaffen allerdings noch schwarze Fl\u00e4chen, die noch mit Edelstahl verkleidet werden werden. An umliegenden Geb\u00e4uden sind aber auch so schon oft spannende Reflexionen zu bewundern. Was mir jetzt jedoch auffiel, ist nicht optischer Natur.<br \/><a href=\"https:\/\/www.konstantin-goerlich.de\/wordpress\/wp-content\/uploads\/2013\/12\/20131217-015700.jpg\" rel=\"lightbox[1220]\"><img decoding=\"async\" src=\"https:\/\/www.konstantin-goerlich.de\/wordpress\/wp-content\/uploads\/2013\/12\/20131217-015700.jpg\" alt=\"20131217-015700.jpg\" class=\"alignnone size-full\" \/><\/a>Wie eine zweite Sonne strahlt hier die Reflexion von der Fassade in das Auge des Betrachters. Und nicht nur das. Am Beobachtungsort, an der Ecke des Platzes der Alten Synagoge (vgl. Grafik unten), f\u00fchlte sich die Temperatur am fr\u00fchen Montag Nachmittag deutlich h\u00f6her an als nur ein paar Meter weiter, wo nur die Sonne, nicht aber ihre Reflexion hinschienen. Der Effekt l\u00e4\u00dft sich schwer in einem Temperaturunterschied von soundsoviel Grad ausdr\u00fccken, war aber auf jeden Fall deutlich zu sp\u00fcren. Und das an einem Wintermittag mitten im Dezember!<\/p>\n<p>Was mag das jetzt f\u00fcr den Sommer bedeuten? Werden Hotspots mit dem Sonnenstand um die neue UB herum wandern, an denen es sich besonders effektiv Sonnen l\u00e4\u00dft? Probiert das ganze doch mal aus, wenn Ihr heute in der Stadt seid, es wird n\u00e4mlich wieder sehr sonnig!<br \/><a href=\"https:\/\/www.konstantin-goerlich.de\/wordpress\/wp-content\/uploads\/2013\/12\/20131217-022333.jpg\" rel=\"lightbox[1220]\"><img decoding=\"async\" src=\"https:\/\/www.konstantin-goerlich.de\/wordpress\/wp-content\/uploads\/2013\/12\/20131217-022333.jpg\" alt=\"20131217-022333.jpg\" class=\"alignnone size-full\" \/><\/a>Kartengrundlage: Openstreetmap.<\/p>\n","protected":false},"excerpt":{"rendered":"<p>Allm\u00e4hlich w\u00e4chst und gedeiht die Fassade der neuen Universit\u00e4tsbibliothek in Freiburg. Viele Fenster sind bereits eingebaut, dazwischen klaffen allerdings noch schwarze Fl\u00e4chen, die noch mit Edelstahl verkleidet werden werden. An umliegenden Geb\u00e4uden sind aber auch so schon oft spannende Reflexionen zu bewundern. Was mir jetzt jedoch auffiel, ist nicht optischer Natur.Wie eine zweite Sonne strahlt &#8230; <\/p>\n<p class=\"read-more-container\"><a title=\"Heizt die neue Unibibliothek #Freiburg auf?\" class=\"read-more button\" href=\"https:\/\/www.konstantin-goerlich.de\/wordpress\/2013\/12\/17\/heizt-die-neue-unibibliothek-freiburg-auf\/#more-1220\" aria-label=\"Mehr Informationen \u00fcber Heizt die neue Unibibliothek #Freiburg auf?\">weiterlesen<\/a><\/p>\n","protected":false},"author":1,"featured_media":1223,"comment_status":"open","ping_status":"open","sticky":false,"template":"","format":"standard","meta":{"footnotes":""},"categories":[1],"tags":[],"_links":{"self":[{"href":"https:\/\/www.konstantin-goerlich.de\/wordpress\/wp-json\/wp\/v2\/posts\/1220"}],"collection":[{"href":"https:\/\/www.konstantin-goerlich.de\/wordpress\/wp-json\/wp\/v2\/posts"}],"about":[{"href":"https:\/\/www.konstantin-goerlich.de\/wordpress\/wp-json\/wp\/v2\/types\/post"}],"author":[{"embeddable":true,"href":"https:\/\/www.konstantin-goerlich.de\/wordpress\/wp-json\/wp\/v2\/users\/1"}],"replies":[{"embeddable":true,"href":"https:\/\/www.konstantin-goerlich.de\/wordpress\/wp-json\/wp\/v2\/comments?post=1220"}],"version-history":[{"count":2,"href":"https:\/\/www.konstantin-goerlich.de\/wordpress\/wp-json\/wp\/v2\/posts\/1220\/revisions"}],"predecessor-version":[{"id":1224,"href":"https:\/\/www.konstantin-goerlich.de\/wordpress\/wp-json\/wp\/v2\/posts\/1220\/revisions\/1224"}],"wp:featuredmedia":[{"embeddable":true,"href":"https:\/\/www.konstantin-goerlich.de\/wordpress\/wp-json\/wp\/v2\/media\/1223"}],"wp:attachment":[{"href":"https:\/\/www.konstantin-goerlich.de\/wordpress\/wp-json\/wp\/v2\/media?parent=1220"}],"wp:term":[{"taxonomy":"category","embeddable":true,"href":"https:\/\/www.konstantin-goerlich.de\/wordpress\/wp-json\/wp\/v2\/categories?post=1220"},{"taxonomy":"post_tag","embeddable":true,"href":"https:\/\/www.konstantin-goerlich.de\/wordpress\/wp-json\/wp\/v2\/tags?post=1220"}],"curies":[{"name":"wp","href":"https:\/\/api.w.org\/{rel}","templated":true}]}}