{"id":1205,"date":"2013-10-21T17:30:51","date_gmt":"2013-10-21T15:30:51","guid":{"rendered":"http:\/\/www.konstantin-goerlich.de\/wordpress\/?p=1205"},"modified":"2013-10-21T17:44:42","modified_gmt":"2013-10-21T15:44:42","slug":"facebookdown-worldwide-point-of-failure","status":"publish","type":"post","link":"https:\/\/www.konstantin-goerlich.de\/wordpress\/2013\/10\/21\/facebookdown-worldwide-point-of-failure\/","title":{"rendered":"#facebookdown: Worldwide Point of Failure."},"content":{"rendered":"<p>Im Stile einer Teiler\u00f6ffnung mehdornscher Pr\u00e4gung geht Facebook derzeit wieder online. Nach dem mehrere Stunden dauernden Totalausfall (nur gucken, nichts liken) kamen vereinzelt wieder Kommentare durch und soeben konnte ich sogar mit einer Seite ein Event teilen. \u00dcber die Ursachen, wom\u00f6glich einen Hackerangriff, wird bereits <a href=\"http:\/\/www.tagesspiegel.de\/weltspiegel\/weltweiter-ausfall-facebook-kaempft-weiter-mit-serverproblemen\/8963504.html\" target=\"_blank\">spekuliert<\/a>, w\u00e4hrend der Ausfall auch so schon in aller Munde ist.<\/p>\n<p>Das zeigt vor allem eines: Das soziale Netzwerk ist schon lange kein Angebot mehr im Internet, sondern Infrastruktur. Mit allen Konsequenzen. Die seht Ihr zum Beispiel in den Statistiken Eurer Sites: Wie gro\u00df waren Eure Einbr\u00fcche w\u00e4hrend des Ausfalls, so ganz ohne selbst- oder fremdgeteilte Beitr\u00e4ge, ohne Interaktion?<\/p>\n<p>Die Alternativen indes sind rar ges\u00e4t. Auf Twitter entfaltete sich allenfalls ein Metadialog (f\u00fcr mich teilweise \u00fcberlagert von Recherchen zu einer Bombendrohung in Freiburg), auf Google+ hab ich noch nicht geschaut (sonst jemand?). Es bleibt also festzuhalten: #facebookdown war ein Warnschu\u00df, der uns gezeigt hat, wie abh\u00e4ngig unser aller Reichweite von dem blauen Riesen aus Palo Alto ist. Ich erwarte Eure Vorschl\u00e4ge, wie wir diese Abh\u00e4ngigkeit reduzieren k\u00f6nnen, bis morgen 12 Uhr. Entweder hier, oder .. bei Facebook.<\/p>\n","protected":false},"excerpt":{"rendered":"<p>Im Stile einer Teiler\u00f6ffnung mehdornscher Pr\u00e4gung geht Facebook derzeit wieder online. Nach dem mehrere Stunden dauernden Totalausfall (nur gucken, nichts liken) kamen vereinzelt wieder Kommentare durch und soeben konnte ich sogar mit einer Seite ein Event teilen. \u00dcber die Ursachen, wom\u00f6glich einen Hackerangriff, wird bereits spekuliert, w\u00e4hrend der Ausfall auch so schon in aller Munde &#8230; <\/p>\n<p class=\"read-more-container\"><a title=\"#facebookdown: Worldwide Point of Failure.\" class=\"read-more button\" href=\"https:\/\/www.konstantin-goerlich.de\/wordpress\/2013\/10\/21\/facebookdown-worldwide-point-of-failure\/#more-1205\" aria-label=\"Mehr Informationen \u00fcber #facebookdown: Worldwide Point of Failure.\">weiterlesen<\/a><\/p>\n","protected":false},"author":1,"featured_media":0,"comment_status":"open","ping_status":"open","sticky":false,"template":"","format":"standard","meta":{"footnotes":""},"categories":[1],"tags":[],"_links":{"self":[{"href":"https:\/\/www.konstantin-goerlich.de\/wordpress\/wp-json\/wp\/v2\/posts\/1205"}],"collection":[{"href":"https:\/\/www.konstantin-goerlich.de\/wordpress\/wp-json\/wp\/v2\/posts"}],"about":[{"href":"https:\/\/www.konstantin-goerlich.de\/wordpress\/wp-json\/wp\/v2\/types\/post"}],"author":[{"embeddable":true,"href":"https:\/\/www.konstantin-goerlich.de\/wordpress\/wp-json\/wp\/v2\/users\/1"}],"replies":[{"embeddable":true,"href":"https:\/\/www.konstantin-goerlich.de\/wordpress\/wp-json\/wp\/v2\/comments?post=1205"}],"version-history":[{"count":2,"href":"https:\/\/www.konstantin-goerlich.de\/wordpress\/wp-json\/wp\/v2\/posts\/1205\/revisions"}],"predecessor-version":[{"id":1207,"href":"https:\/\/www.konstantin-goerlich.de\/wordpress\/wp-json\/wp\/v2\/posts\/1205\/revisions\/1207"}],"wp:attachment":[{"href":"https:\/\/www.konstantin-goerlich.de\/wordpress\/wp-json\/wp\/v2\/media?parent=1205"}],"wp:term":[{"taxonomy":"category","embeddable":true,"href":"https:\/\/www.konstantin-goerlich.de\/wordpress\/wp-json\/wp\/v2\/categories?post=1205"},{"taxonomy":"post_tag","embeddable":true,"href":"https:\/\/www.konstantin-goerlich.de\/wordpress\/wp-json\/wp\/v2\/tags?post=1205"}],"curies":[{"name":"wp","href":"https:\/\/api.w.org\/{rel}","templated":true}]}}