{"id":119,"date":"2007-07-04T12:37:57","date_gmt":"2007-07-04T10:37:57","guid":{"rendered":"http:\/\/www.konstantin-goerlich.de\/wordpress\/2007\/07\/04\/we-are-weiter-u\/"},"modified":"2007-07-04T12:37:57","modified_gmt":"2007-07-04T10:37:57","slug":"we-are-weiter-u","status":"publish","type":"post","link":"https:\/\/www.konstantin-goerlich.de\/wordpress\/2007\/07\/04\/we-are-weiter-u\/","title":{"rendered":"We are weiter U."},"content":{"rendered":"<p><img decoding=\"async\" id=\"image118\" width=\"100%\" src=\"https:\/\/www.konstantin-goerlich.de\/wordpress\/wp-content\/uploads\/2007\/07\/senatswahlergebnis2007.jpg\" alt=\"senatswahlergebnis2007.jpg\"><\/img><\/p>\n<h6>Im Bild: Vorl\u00e4ufige Ergebnisse auf der Wahlparty im Studierendenhaus<\/h6>\n<p>K\u00fcrzlich hatte ich getr\u00e4umt, es war u-lumni-Treffen und wir hatten drei Tage vorher die Wahl verloren. Die Realit\u00e4t sieht aber besser aus: Zwei Drittel der Sitze im AStA gingen an das B\u00fcndnis f\u00fcr u-asta und u-Fachschaften. Die Jusos verloren einen Sitz an den RCDS: Beide haben nun zwei. Der verbleibende Sitz ging an die Jungen Liberalen. Die Linke.SDS erreichte aus dem Stand etwas mehr als 4%, f\u00fcr einen Einzug in den AStA hat es jedoch noch nicht gereicht. Im Senat fielen sogar drei Viertel der Sitze an BUF, der verbleibende Sitz ging traditionell an die Jusos, die mit \u00fcber 5 Prozentpunkten die schwersten Verluste hinnehmen mu\u00dften. Es bleibt also wie erwartet beim basisdemokratisch-bew\u00e4hrten u-asta wie wir ihn kennen.<\/p>\n","protected":false},"excerpt":{"rendered":"<p>Im Bild: Vorl\u00e4ufige Ergebnisse auf der Wahlparty im Studierendenhaus K\u00fcrzlich hatte ich getr\u00e4umt, es war u-lumni-Treffen und wir hatten drei Tage vorher die Wahl verloren. Die Realit\u00e4t sieht aber besser aus: Zwei Drittel der Sitze im AStA gingen an das B\u00fcndnis f\u00fcr u-asta und u-Fachschaften. Die Jusos verloren einen Sitz an den RCDS: Beide haben &#8230; <\/p>\n<p class=\"read-more-container\"><a title=\"We are weiter U.\" class=\"read-more button\" href=\"https:\/\/www.konstantin-goerlich.de\/wordpress\/2007\/07\/04\/we-are-weiter-u\/#more-119\" aria-label=\"Mehr Informationen \u00fcber We are weiter U.\">weiterlesen<\/a><\/p>\n","protected":false},"author":1,"featured_media":0,"comment_status":"open","ping_status":"open","sticky":false,"template":"","format":"standard","meta":{"footnotes":""},"categories":[1],"tags":[],"_links":{"self":[{"href":"https:\/\/www.konstantin-goerlich.de\/wordpress\/wp-json\/wp\/v2\/posts\/119"}],"collection":[{"href":"https:\/\/www.konstantin-goerlich.de\/wordpress\/wp-json\/wp\/v2\/posts"}],"about":[{"href":"https:\/\/www.konstantin-goerlich.de\/wordpress\/wp-json\/wp\/v2\/types\/post"}],"author":[{"embeddable":true,"href":"https:\/\/www.konstantin-goerlich.de\/wordpress\/wp-json\/wp\/v2\/users\/1"}],"replies":[{"embeddable":true,"href":"https:\/\/www.konstantin-goerlich.de\/wordpress\/wp-json\/wp\/v2\/comments?post=119"}],"version-history":[{"count":0,"href":"https:\/\/www.konstantin-goerlich.de\/wordpress\/wp-json\/wp\/v2\/posts\/119\/revisions"}],"wp:attachment":[{"href":"https:\/\/www.konstantin-goerlich.de\/wordpress\/wp-json\/wp\/v2\/media?parent=119"}],"wp:term":[{"taxonomy":"category","embeddable":true,"href":"https:\/\/www.konstantin-goerlich.de\/wordpress\/wp-json\/wp\/v2\/categories?post=119"},{"taxonomy":"post_tag","embeddable":true,"href":"https:\/\/www.konstantin-goerlich.de\/wordpress\/wp-json\/wp\/v2\/tags?post=119"}],"curies":[{"name":"wp","href":"https:\/\/api.w.org\/{rel}","templated":true}]}}