{"id":117,"date":"2007-07-03T10:25:07","date_gmt":"2007-07-03T08:25:07","guid":{"rendered":"http:\/\/www.konstantin-goerlich.de\/wordpress\/2007\/07\/03\/heute-wahltag\/"},"modified":"2007-07-03T10:25:50","modified_gmt":"2007-07-03T08:25:50","slug":"heute-wahltag","status":"publish","type":"post","link":"https:\/\/www.konstantin-goerlich.de\/wordpress\/2007\/07\/03\/heute-wahltag\/","title":{"rendered":"Heute: Wahltag!"},"content":{"rendered":"<p>Es ist der 3. Juli und damit nicht nur, aber auch, der Geburtstag der akj-Spitzenkandidatin sondern endlich Wahltag. Ihr k\u00f6nnt seit 9 Uhr und noch bis 18 Uhr in folgenden Wahlr\u00e4umen an Eurer <i>Wahl<\/i>fakult\u00e4t abstimmen:<\/p>\n<blockquote><p>\n1) Theologische Fakult\u00e4t: KG I, 1. OG, Raum 1132<\/p>\n<p>2) Rechtswissenschaftliche Fakult\u00e4t: KG II, 1. OG, Raum 2121<\/p>\n<p>3) Wirtschafts- und Verhaltenswissenschaftliche Fakult\u00e4t: KG II, 1. OG, Raum 2121<\/p>\n<p>4) Medizinische Fakult\u00e4t: Foyer des H\u00f6rsaalbaus der Universit\u00e4ts-Kinderklinik, Mathildenstra\u00dfe<\/p>\n<p>5) Philologische Fakult\u00e4t, Studierende des Frankreichzentrums: KG I, 1. OG, Raum 1134<\/p>\n<p>6) Philosophische Fakult\u00e4t: KG I, 1. OG, Raum 1139<\/p>\n<p>7) Fakult\u00e4t f\u00fcr Mathematik und Physik: Eckerstra\u00dfe 1, 1. OG, Raum 119<\/p>\n<p>8) Fakult\u00e4t f\u00fcr Chemie, Pharmazie und Geowissenschaften: Chemie-Hochhaus, Albertstra\u00dfe 21, Eingangshalle<\/p>\n<p>9) Fakult\u00e4t f\u00fcr Biologie: Sch\u00e4nzlestra\u00dfe 1, Seminarraum 00.008<\/p>\n<p>10) Fakult\u00e4t f\u00fcr Forst- und Umweltwissenschaften: Tennenbacher Stra\u00dfe 4, Herdergeb\u00e4ude,  1. OG, Seminarraum 2<\/p>\n<p>11) Fakult\u00e4t f\u00fcr Angewandte Wissenschaften: Georges-K\u00f6hler-Allee, Geb\u00e4ude 101, Raum 00 019\n<\/p><\/blockquote>\n<p>\nGew\u00e4hlt werden die Fakult\u00e4tsr\u00e4te (5, manchmal auch 6 Studierende) und damit die O-Fachschaften (immer 6 Studierende) sowie der Senat (4 Studierende) und damit der AStA (15 Studierende). Ihr habt beim Fakult\u00e4tsrat 5 (bzw. manchmal 6) Stimmen und beim Senat 4. Es kann kumuliert und panaschiert werden. Vor allem aber sollte \u00fcberhaupt gew\u00e4hlt werden.<br \/>\n\u00dcbrigens hier noch mal f\u00fcr alle, denn einige hatten mich gefragt: Ich kann nicht gew\u00e4hlt werden. Nirgends. Genau genommen bin ich sogar der einzige Studierende der Universit\u00e4t, der nicht gew\u00e4hlt werden kann: Qua Mitgliedschaft im Wahlausschu\u00df darf ich auf keiner Liste kandidieren und da ich im W\u00e4hlerverzeichnis der juristischen Fakult\u00e4t stehe, kann ich auch nicht an den Listen vorbei Stimmen bekommen, denn in der Jura besteht auch bei der Fakult\u00e4tsratswahl Bindung an die eingereichten Wahlvorschl\u00e4ge. Macht aber nix: es gibt ausreichend KandidatInnen.<br \/>Nur hingehen und abstimmen m\u00fcsst Ihr selbst!<\/p>\n","protected":false},"excerpt":{"rendered":"<p>Es ist der 3. Juli und damit nicht nur, aber auch, der Geburtstag der akj-Spitzenkandidatin sondern endlich Wahltag. Ihr k\u00f6nnt seit 9 Uhr und noch bis 18 Uhr in folgenden Wahlr\u00e4umen an Eurer Wahlfakult\u00e4t abstimmen: 1) Theologische Fakult\u00e4t: KG I, 1. OG, Raum 1132 2) Rechtswissenschaftliche Fakult\u00e4t: KG II, 1. OG, Raum 2121 3) Wirtschafts- &#8230; <\/p>\n<p class=\"read-more-container\"><a title=\"Heute: Wahltag!\" class=\"read-more button\" href=\"https:\/\/www.konstantin-goerlich.de\/wordpress\/2007\/07\/03\/heute-wahltag\/#more-117\" aria-label=\"Mehr Informationen \u00fcber Heute: Wahltag!\">weiterlesen<\/a><\/p>\n","protected":false},"author":1,"featured_media":0,"comment_status":"open","ping_status":"open","sticky":false,"template":"","format":"standard","meta":{"footnotes":""},"categories":[1],"tags":[],"_links":{"self":[{"href":"https:\/\/www.konstantin-goerlich.de\/wordpress\/wp-json\/wp\/v2\/posts\/117"}],"collection":[{"href":"https:\/\/www.konstantin-goerlich.de\/wordpress\/wp-json\/wp\/v2\/posts"}],"about":[{"href":"https:\/\/www.konstantin-goerlich.de\/wordpress\/wp-json\/wp\/v2\/types\/post"}],"author":[{"embeddable":true,"href":"https:\/\/www.konstantin-goerlich.de\/wordpress\/wp-json\/wp\/v2\/users\/1"}],"replies":[{"embeddable":true,"href":"https:\/\/www.konstantin-goerlich.de\/wordpress\/wp-json\/wp\/v2\/comments?post=117"}],"version-history":[{"count":0,"href":"https:\/\/www.konstantin-goerlich.de\/wordpress\/wp-json\/wp\/v2\/posts\/117\/revisions"}],"wp:attachment":[{"href":"https:\/\/www.konstantin-goerlich.de\/wordpress\/wp-json\/wp\/v2\/media?parent=117"}],"wp:term":[{"taxonomy":"category","embeddable":true,"href":"https:\/\/www.konstantin-goerlich.de\/wordpress\/wp-json\/wp\/v2\/categories?post=117"},{"taxonomy":"post_tag","embeddable":true,"href":"https:\/\/www.konstantin-goerlich.de\/wordpress\/wp-json\/wp\/v2\/tags?post=117"}],"curies":[{"name":"wp","href":"https:\/\/api.w.org\/{rel}","templated":true}]}}