{"id":116,"date":"2007-06-21T13:47:03","date_gmt":"2007-06-21T11:47:03","guid":{"rendered":"http:\/\/www.konstantin-goerlich.de\/wordpress\/2007\/06\/21\/wasserfloh\/"},"modified":"2007-06-21T21:18:42","modified_gmt":"2007-06-21T19:18:42","slug":"wasserfloh","status":"publish","type":"post","link":"https:\/\/www.konstantin-goerlich.de\/wordpress\/2007\/06\/21\/wasserfloh\/","title":{"rendered":"Wasserfloh."},"content":{"rendered":"<p>Eine lustige Begebenheit tr\u00e4gt sich derzeit im Rahmen der diesj\u00e4hrigen Uniwahl zu. An der juristischen Fakult\u00e4t tritt in diesem Jahr wie seit ca. 30 Jahren der Arbeitskreis kritischer Juristinnen und Juristen (akj) an. Anstelle der normalerweise zus\u00e4tzlich antretenden Liste der Fachschaftsgruppe &#8222;Ju\u00a7tu\u00a7&#8220; fand sich dann aber in der amtlichen Mitteilung \u00fcber die zugelassenen Wahlvorschl\u00e4ge neben dem AKJ Freiburg eine Liste unter dem Namen Wasserfloh. Kein Scherz. Damit ging das R\u00e4tselraten los.<br \/>\nDer Wasserfloh ist ein Sammelbegriff f\u00fcr eine Gruppe kleiner Flu\u00dfkrebse. Durch sto\u00dfweises rudern mit ihren Antennen entsteht der Eindruck eines floh\u00e4hnlichen H\u00fcpfens, daher der Name. Wasserfl\u00f6he vermehren sich zumeist ungeschlechtlich und dienen h\u00e4ufig als Lebendfutter in Aquarien. Bezug zu Jura? Keiner. Beim besten Willen. Auch das Freiburger Bachpatenmobil namens &#8222;<a href=\"http:\/\/www.bachpaten-freiburg.de\/regio\/service\/floh.htm\" target=\"_blank\">Wasserfloh<\/a>&#8220; kann selbst bei noch so ausgepr\u00e4gter Phantasie nicht als Namenspate gedient haben. No way.<br \/>\nWie also kann der Name zu erkl\u00e4ren sein? Ein Blick auf das Formular zur Einreichung eines Wahlvorschlags bringt m\u00f6glicherweise die Erkenntnis. Zuerst ist dort ein KENNWORT f\u00fcr den Listenvorschlag anzugeben, also der Name der Liste, der auf dem Stimmzettel erscheint. Bei fl\u00fcchtiger Bearbeitung kann man hier denken, da\u00df mit Kennwort ein selbst zu w\u00e4hlendes <i>PA\u00dfWORT<\/i> gemeint ist. Wof\u00fcr auch immer es dienen k\u00f6nnte. Da\u00df in dem kompletten Formular sonst an keiner Stelle eine weitere M\u00f6glichkeit bestand, den Namen der Liste anzugeben, scheint zudem niemandem aufgefallen zu sein. So bleibt in der laufenden Diskussion die Pa\u00dfworttheorie die einzig realistische Erkl\u00e4rung.<br \/>\nWas nun? Bei der Liste &#8222;Wasserfloh&#8220; hat man nun keine Wahl mehr, denn mit der amtlichen Bekanntmachung sind \u00c4nderungen der eingereichten Wahlvorschl\u00e4ge nicht mehr zul\u00e4ssig. Irgendwie wird man den Fehler erkl\u00e4ren m\u00fcssen. Vielleicht findet sich bei intensiver Besch\u00e4ftigung mit dem Wort ja ein Satz, dessen Anfangsbuchstaben &#8222;Wasserfloh&#8220; ergeben. Morgen wissen wir mehr, denn morgen werden auf der Uni-Homepage die in diesem Jahr erstmals auch dort erm\u00f6glichten Kurzpr\u00e4sentationen der Wahlvorschl\u00e4ge ver\u00f6ffentlicht.<br \/>Ehrlich w\u00e4re f\u00fcr Wasserfloh allerdings nur ein Weg: den Fehler zugeben. Schlie\u00dflich geht es wie bei jeder Wahl auch bei der Fachschaftswahl um Vertrauen.<\/p>\n","protected":false},"excerpt":{"rendered":"<p>Eine lustige Begebenheit tr\u00e4gt sich derzeit im Rahmen der diesj\u00e4hrigen Uniwahl zu. An der juristischen Fakult\u00e4t tritt in diesem Jahr wie seit ca. 30 Jahren der Arbeitskreis kritischer Juristinnen und Juristen (akj) an. Anstelle der normalerweise zus\u00e4tzlich antretenden Liste der Fachschaftsgruppe &#8222;Ju\u00a7tu\u00a7&#8220; fand sich dann aber in der amtlichen Mitteilung \u00fcber die zugelassenen Wahlvorschl\u00e4ge neben &#8230; <\/p>\n<p class=\"read-more-container\"><a title=\"Wasserfloh.\" class=\"read-more button\" href=\"https:\/\/www.konstantin-goerlich.de\/wordpress\/2007\/06\/21\/wasserfloh\/#more-116\" aria-label=\"Mehr Informationen \u00fcber Wasserfloh.\">weiterlesen<\/a><\/p>\n","protected":false},"author":1,"featured_media":0,"comment_status":"open","ping_status":"open","sticky":false,"template":"","format":"standard","meta":{"footnotes":""},"categories":[1],"tags":[],"_links":{"self":[{"href":"https:\/\/www.konstantin-goerlich.de\/wordpress\/wp-json\/wp\/v2\/posts\/116"}],"collection":[{"href":"https:\/\/www.konstantin-goerlich.de\/wordpress\/wp-json\/wp\/v2\/posts"}],"about":[{"href":"https:\/\/www.konstantin-goerlich.de\/wordpress\/wp-json\/wp\/v2\/types\/post"}],"author":[{"embeddable":true,"href":"https:\/\/www.konstantin-goerlich.de\/wordpress\/wp-json\/wp\/v2\/users\/1"}],"replies":[{"embeddable":true,"href":"https:\/\/www.konstantin-goerlich.de\/wordpress\/wp-json\/wp\/v2\/comments?post=116"}],"version-history":[{"count":0,"href":"https:\/\/www.konstantin-goerlich.de\/wordpress\/wp-json\/wp\/v2\/posts\/116\/revisions"}],"wp:attachment":[{"href":"https:\/\/www.konstantin-goerlich.de\/wordpress\/wp-json\/wp\/v2\/media?parent=116"}],"wp:term":[{"taxonomy":"category","embeddable":true,"href":"https:\/\/www.konstantin-goerlich.de\/wordpress\/wp-json\/wp\/v2\/categories?post=116"},{"taxonomy":"post_tag","embeddable":true,"href":"https:\/\/www.konstantin-goerlich.de\/wordpress\/wp-json\/wp\/v2\/tags?post=116"}],"curies":[{"name":"wp","href":"https:\/\/api.w.org\/{rel}","templated":true}]}}