{"id":1151,"date":"2013-01-10T18:30:51","date_gmt":"2013-01-10T17:30:51","guid":{"rendered":"http:\/\/www.konstantin-goerlich.de\/wordpress\/?p=1151"},"modified":"2013-01-10T18:31:12","modified_gmt":"2013-01-10T17:31:12","slug":"st-martin-aufs-martinstor-zynisch","status":"publish","type":"post","link":"https:\/\/www.konstantin-goerlich.de\/wordpress\/2013\/01\/10\/st-martin-aufs-martinstor-zynisch\/","title":{"rendered":"St. Martin aufs Martinstor? Zynisch!"},"content":{"rendered":"<p><a href=\"http:\/\/fudder.de\/artikel\/2013\/01\/10\/meine-meinung-warum-es-zynisch-waere-st-martin-auf-das-martinstor-zu-malen\/\"><img loading=\"lazy\" decoding=\"async\" class=\"alignleft size-medium wp-image-1152\" style=\"margin-right: 10px; margin-bottom: 2px;\" alt=\"20130110grumpy\" src=\"https:\/\/www.konstantin-goerlich.de\/wordpress\/wp-content\/uploads\/2013\/01\/20130110grumpy-199x300.jpg\" width=\"199\" height=\"300\" \/><\/a><strong>Es w\u00e4re blanker Zynismus, ausgerechnet den Schutzheiligen der Armen und Bettler ans Martinstor zu malen. Mein Kommentar zu den Bem\u00fchungen Freiburger Gemeinder\u00e4te, ein Heiligenbild aus dem 18. Jahrhundert im Jahr 2013 an ein Stadttor in einer Einkaufsstra\u00dfe malen zu lassen:<\/strong><\/p>\n<p>Das Martinstor \u2013 in manchen Volksm\u00fcndern auch\u00a0McDonald&#8217;s-Torgenannt \u2013 soll, wenn es nach einer Initiative mit einer Gemeinderatsmehrheit im R\u00fccken ginge, wieder mit einer Darstellung des Martin von Tours, bemalt werden. Der legend\u00e4re Bischof wird von der katholische Kirche als heilig verehrt. In einer \u00dcberlieferung wird ihm nachgesagt, in Ermangelung anderer Almosen einem Bettler eine H\u00e4lfte seines Umhanges geschenkt zu haben. F\u00fcr die Katholiken ist er Schutzheiliger der Armen und Bettler, aber auch der Reisenden und der Soldaten.<\/p>\n<p>Und jetzt diskutiert Freiburg ernsthaft, im Jahr 2013, in einem die S\u00e4kularisierung immer ernster nehmenden Land, eine neue\u00a0Heiligendarstellung<strong>\u00a0<\/strong>an ein Geb\u00e4ude der Stadt pinseln zu lassen. Es geht nicht etwa um eine denkmalpflegerisch begr\u00fc\u00dfenswerte, historische Rekonstruktion des Bildes, das 1968\/69 aus technischen Gr\u00fcnden nicht l\u00e4nger erhalten werden konnte, sondern um eine Neugestaltung. Ob der in Rede stehende Entwurf aus dem 18. Jahrhundert bereits jemals das Tor zierte, kann offenbar nicht belegt werden, und so geht es tats\u00e4chlich um eine neue Heiligendarstellung im \u00f6ffentlichen Raum.<\/p>\n<p>Es geht mir gar nicht so sehr um die katholisierend-normative Gewalt, die von solch einem Akt gegen all jene ausge\u00fcbt w\u00fcrde, die einer anderen oder gar keiner Religion anh\u00e4ngen, ob sie nun eine Mehrheit in der Bev\u00f6lkerung darstellen oder nicht. Schlie\u00dflich sind Werte wie Toleranz, N\u00e4chstenliebe und Gemeinn\u00fctzigkeit grundlegender Bestandteil humanistischer Weltbilder. Und genau deswegen geht es um den blanken Zynismus, ausgerechnet den\u00a0Schutzheiligen der Armen und Bettler\u00a0an einem Tor in einer Stra\u00dfe prangen zu lassen, die allem m\u00f6glichen gewidmet ist, nur gewi\u00df nicht Armen und Bettlern.<\/p>\n<p>Durch das Martinstor gelangt man in eine Fu\u00dfg\u00e4ngerzone, eigentlich ist es aber eine\u00a0Konsumentenzone. Die reine Lehre des brutalstm\u00f6glichen Kapitalismus schaffte es &#8230;\u00a0 <a href=\"http:\/\/fudder.de\/artikel\/2013\/01\/10\/meine-meinung-warum-es-zynisch-waere-st-martin-auf-das-martinstor-zu-malen\/\" target=\"_blank\"><strong>weiterlesen bei fudder.de<\/strong><\/a><\/p>\n","protected":false},"excerpt":{"rendered":"<p>Es w\u00e4re blanker Zynismus, ausgerechnet den Schutzheiligen der Armen und Bettler ans Martinstor zu malen. Mein Kommentar zu den Bem\u00fchungen Freiburger Gemeinder\u00e4te, ein Heiligenbild aus dem 18. Jahrhundert im Jahr 2013 an ein Stadttor in einer Einkaufsstra\u00dfe malen zu lassen: Das Martinstor \u2013 in manchen Volksm\u00fcndern auch\u00a0McDonald&#8217;s-Torgenannt \u2013 soll, wenn es nach einer Initiative mit &#8230; <\/p>\n<p class=\"read-more-container\"><a title=\"St. Martin aufs Martinstor? Zynisch!\" class=\"read-more button\" href=\"https:\/\/www.konstantin-goerlich.de\/wordpress\/2013\/01\/10\/st-martin-aufs-martinstor-zynisch\/#more-1151\" aria-label=\"Mehr Informationen \u00fcber St. Martin aufs Martinstor? Zynisch!\">weiterlesen<\/a><\/p>\n","protected":false},"author":1,"featured_media":0,"comment_status":"open","ping_status":"open","sticky":false,"template":"","format":"standard","meta":{"footnotes":""},"categories":[1],"tags":[],"_links":{"self":[{"href":"https:\/\/www.konstantin-goerlich.de\/wordpress\/wp-json\/wp\/v2\/posts\/1151"}],"collection":[{"href":"https:\/\/www.konstantin-goerlich.de\/wordpress\/wp-json\/wp\/v2\/posts"}],"about":[{"href":"https:\/\/www.konstantin-goerlich.de\/wordpress\/wp-json\/wp\/v2\/types\/post"}],"author":[{"embeddable":true,"href":"https:\/\/www.konstantin-goerlich.de\/wordpress\/wp-json\/wp\/v2\/users\/1"}],"replies":[{"embeddable":true,"href":"https:\/\/www.konstantin-goerlich.de\/wordpress\/wp-json\/wp\/v2\/comments?post=1151"}],"version-history":[{"count":9,"href":"https:\/\/www.konstantin-goerlich.de\/wordpress\/wp-json\/wp\/v2\/posts\/1151\/revisions"}],"predecessor-version":[{"id":1162,"href":"https:\/\/www.konstantin-goerlich.de\/wordpress\/wp-json\/wp\/v2\/posts\/1151\/revisions\/1162"}],"wp:attachment":[{"href":"https:\/\/www.konstantin-goerlich.de\/wordpress\/wp-json\/wp\/v2\/media?parent=1151"}],"wp:term":[{"taxonomy":"category","embeddable":true,"href":"https:\/\/www.konstantin-goerlich.de\/wordpress\/wp-json\/wp\/v2\/categories?post=1151"},{"taxonomy":"post_tag","embeddable":true,"href":"https:\/\/www.konstantin-goerlich.de\/wordpress\/wp-json\/wp\/v2\/tags?post=1151"}],"curies":[{"name":"wp","href":"https:\/\/api.w.org\/{rel}","templated":true}]}}