{"id":1146,"date":"2012-12-06T08:10:28","date_gmt":"2012-12-06T07:10:28","guid":{"rendered":"http:\/\/www.konstantin-goerlich.de\/wordpress\/?p=1146"},"modified":"2012-12-06T00:07:25","modified_gmt":"2012-12-05T23:07:25","slug":"freiburg-wechselt-von-openoffice-zu-microsoft-teil-2-die-abrechnung","status":"publish","type":"post","link":"https:\/\/www.konstantin-goerlich.de\/wordpress\/2012\/12\/06\/freiburg-wechselt-von-openoffice-zu-microsoft-teil-2-die-abrechnung\/","title":{"rendered":"Freiburg wechselt von OpenOffice zur\u00fcck zu Microsoft, Teil 2: Die Abrechnung."},"content":{"rendered":"<p>Am 20. November hatte der Freiburger Gemeinderat im argumentativen Blindflug beschlossen, da\u00df die Stadtverwaltung wieder zur\u00fcck zu Microsoft Office wechseln solle, nachdem sie sich davon erst 2007 verabschiedet hatte. Was f\u00fcr ein Unfug! schallte es von verschiedenen Seiten und nicht nur die Freiburger Piraten fanden den Entschlu\u00df <a href=\"http:\/\/www.piraten-freiburg.de\/blog\/2012\/11\/16\/freiburgs-ruckkehr-in-die-abhangigkeit-von-monopolist-microsoft\/\" target=\"_blank\">merkw\u00fcrdig<\/a> und die Begr\u00fcndung <a href=\"http:\/\/www.piraten-freiburg.de\/blog\/2012\/11\/20\/ahnungsloser-gemeinderat-stimmt-fur-abkehr-von-freier-software-in-freiburg\/\" target=\"_blank\">haarstr\u00e4ubend<\/a>. In der Tat: der R\u00fcckwechsel ist auf so furchtbar vielen Ebenen angreifbar, da\u00df ich mich auch dazu gen\u00f6tigt sah, mich ein wenig dar\u00fcber <a href=\"http:\/\/fudder.de\/artikel\/2012\/11\/21\/meine-meinung-warum-die-rueckkehr-der-stadt-zu-microsoft-ein-fehler-ist\/\" target=\"_blank\">aufzuregen<\/a>.<\/p>\n<p>Bei einer kommunalen Verwaltung schmerzt eines besonders: <!--more-->Die bei der Aktion zwangsl\u00e4ufig zu verbrennenden Steuergelder. Und wof\u00fcr? Ich schrieb:<\/p>\n<blockquote><p>Der Wechsel wird kein einziges Problem, was vielleicht mit OpenOffice bestand, l\u00f6sen, sondern unendlich viele neue \u00c4rgernisse schaffen. [&#8230;]\u00a0Liebe Verwaltung, glaube mir, jetzt wird alles noch viel viel schlimmer!<\/p><\/blockquote>\n<p>Und viel teurer wird es bei der Gelegenheit auch \u2013 passend zur Green City wird es sogar <em>nachhaltig<\/em> teurer.<\/p>\n<p>Simon Phipps vom alt-ehrw\u00fcrdigen IT-Branchenportal computerworlduk.com hat sich die Unterlagen zum Wechsel angesehen, und das ziemlich genau. Er stellt fest, da\u00df Freiburg f\u00fcr 231 \u20ac pro Arbeitsplatz migrierte. In Freiburg wurde dabei nur OpenOffice eingef\u00fchrt, aber an alten Microsoftprodukten aus Kompatibilit\u00e4tsgr\u00fcnden sowie an Windows festgehalten wurde. M\u00fcnchen migrierte hingegen 7 mal so viele Arbeitspl\u00e4tze, und zwar inklusive Betriebssystem, in dem Fall Linux statt Windows. F\u00fcr 18 \u20ac pro Arbeitsplatz.<\/p>\n<p>Bei den laufenden Kosten sieht es logischer Weise nicht viel besser aus: w\u00e4hrend M\u00fcnchen bis jetzt 10 Millionen Euro gespart hat, erh\u00f6ht Freiburg seine Kosten von 15 \u20ac pro Arbeitsplatz auf 280 bis 380 \u20ac. Die Kr\u00f6nung daran ist jedoch, da\u00df der Gemeinderat damit beschlossen hat, einen <em>j\u00e4hrlichen<\/em> Betrag f\u00fcr Lizenzgeb\u00fchren auszugeben, f\u00fcr den man die Migration zu OpenOffice h\u00e4tte funktionieren lassen k\u00f6nnen \u2013 und zwar als <em>einmaligen<\/em> Kostenpunkt.<\/p>\n<p>Die \u00dcberschrift einer der Piraten-Pressemitteilungen beginnt mit &#8222;ahnungsloser Gemeinderat&#8220;. Der Titel der \u00fcberaus lesenswerten Analyse deutet jedoch Vorsatz an: <a href=\"http:\/\/blogs.computerworlduk.com\/simon-says\/2012\/12\/intended-to-fail\/index.htm\" target=\"_blank\">Intended to fail<\/a>?<\/p>\n","protected":false},"excerpt":{"rendered":"<p>Am 20. November hatte der Freiburger Gemeinderat im argumentativen Blindflug beschlossen, da\u00df die Stadtverwaltung wieder zur\u00fcck zu Microsoft Office wechseln solle, nachdem sie sich davon erst 2007 verabschiedet hatte. Was f\u00fcr ein Unfug! schallte es von verschiedenen Seiten und nicht nur die Freiburger Piraten fanden den Entschlu\u00df merkw\u00fcrdig und die Begr\u00fcndung haarstr\u00e4ubend. In der Tat: &#8230; <\/p>\n<p class=\"read-more-container\"><a title=\"Freiburg wechselt von OpenOffice zur\u00fcck zu Microsoft, Teil 2: Die Abrechnung.\" class=\"read-more button\" href=\"https:\/\/www.konstantin-goerlich.de\/wordpress\/2012\/12\/06\/freiburg-wechselt-von-openoffice-zu-microsoft-teil-2-die-abrechnung\/#more-1146\" aria-label=\"Mehr Informationen \u00fcber Freiburg wechselt von OpenOffice zur\u00fcck zu Microsoft, Teil 2: Die Abrechnung.\">weiterlesen<\/a><\/p>\n","protected":false},"author":1,"featured_media":0,"comment_status":"open","ping_status":"open","sticky":false,"template":"","format":"standard","meta":{"footnotes":""},"categories":[1],"tags":[],"_links":{"self":[{"href":"https:\/\/www.konstantin-goerlich.de\/wordpress\/wp-json\/wp\/v2\/posts\/1146"}],"collection":[{"href":"https:\/\/www.konstantin-goerlich.de\/wordpress\/wp-json\/wp\/v2\/posts"}],"about":[{"href":"https:\/\/www.konstantin-goerlich.de\/wordpress\/wp-json\/wp\/v2\/types\/post"}],"author":[{"embeddable":true,"href":"https:\/\/www.konstantin-goerlich.de\/wordpress\/wp-json\/wp\/v2\/users\/1"}],"replies":[{"embeddable":true,"href":"https:\/\/www.konstantin-goerlich.de\/wordpress\/wp-json\/wp\/v2\/comments?post=1146"}],"version-history":[{"count":1,"href":"https:\/\/www.konstantin-goerlich.de\/wordpress\/wp-json\/wp\/v2\/posts\/1146\/revisions"}],"predecessor-version":[{"id":1148,"href":"https:\/\/www.konstantin-goerlich.de\/wordpress\/wp-json\/wp\/v2\/posts\/1146\/revisions\/1148"}],"wp:attachment":[{"href":"https:\/\/www.konstantin-goerlich.de\/wordpress\/wp-json\/wp\/v2\/media?parent=1146"}],"wp:term":[{"taxonomy":"category","embeddable":true,"href":"https:\/\/www.konstantin-goerlich.de\/wordpress\/wp-json\/wp\/v2\/categories?post=1146"},{"taxonomy":"post_tag","embeddable":true,"href":"https:\/\/www.konstantin-goerlich.de\/wordpress\/wp-json\/wp\/v2\/tags?post=1146"}],"curies":[{"name":"wp","href":"https:\/\/api.w.org\/{rel}","templated":true}]}}