{"id":113,"date":"2007-06-19T17:18:14","date_gmt":"2007-06-19T15:18:14","guid":{"rendered":"http:\/\/www.konstantin-goerlich.de\/wordpress\/2007\/06\/19\/geht-wahlen\/"},"modified":"2007-06-19T17:18:14","modified_gmt":"2007-06-19T15:18:14","slug":"geht-wahlen","status":"publish","type":"post","link":"https:\/\/www.konstantin-goerlich.de\/wordpress\/2007\/06\/19\/geht-wahlen\/","title":{"rendered":"Geht w\u00e4hlen!"},"content":{"rendered":"<p><img decoding=\"async\" id=\"image114\" width=\"145\" align=\"right\" src=\"https:\/\/www.konstantin-goerlich.de\/wordpress\/wp-content\/uploads\/2007\/06\/wahlgruppenbild_blogframe.jpg\" alt=\"wahlgruppenbild_blogframe.jpg\" \/>Seit neulich (ja, ich glaub es war neulich) gibt es auch im <s>StasiVZ<\/s> StudiVZ eine Gruppe, die zur Teilnahme an dem am 3. Juli stattfindenden Universit\u00e4tswahlen aufruft. Sie hei\u00dft <a href=\"http:\/\/www.studivz.net\/group.php?ids=80bd83ea5b3fc812\" target=\"_blank\">!!! Universit\u00e4tswahlen 3. Juli 2007 &#8211; GEHT W\u00c4HLEN !!!<\/a> (nur mit g\u00fcltiger SessionID vom StudiVZ) und ist mit momentan 26 Mitgliedern noch deutlich im Wachstum. Also am besten gleich eintreten und weitersagen! Und nat\u00fcrlich zu Wahl gehen. Die amtlichen Wahlvorschl\u00e4ge und die Wahlr\u00e4ume sind bereits <a href=\"http:\/\/www.zuv.uni-freiburg.de\/ab\/200743.pdf\" target=\"_blank\">bekanntgemacht<\/a> und am kommenden Montag beginnt dann endlich (?) auch wieder der allj\u00e4hrliche, auch als Wahlkampf bekannte, Papierkrieg um Senats- und Fakult\u00e4tsratspl\u00e4tze und damit um Fachschaften und AStA und damit um u-Fachschaften und u-asta. Viel Spa\u00df!<\/p>\n","protected":false},"excerpt":{"rendered":"<p>Seit neulich (ja, ich glaub es war neulich) gibt es auch im StasiVZ StudiVZ eine Gruppe, die zur Teilnahme an dem am 3. Juli stattfindenden Universit\u00e4tswahlen aufruft. Sie hei\u00dft !!! Universit\u00e4tswahlen 3. Juli 2007 &#8211; GEHT W\u00c4HLEN !!! (nur mit g\u00fcltiger SessionID vom StudiVZ) und ist mit momentan 26 Mitgliedern noch deutlich im Wachstum. Also &#8230; <\/p>\n<p class=\"read-more-container\"><a title=\"Geht w\u00e4hlen!\" class=\"read-more button\" href=\"https:\/\/www.konstantin-goerlich.de\/wordpress\/2007\/06\/19\/geht-wahlen\/#more-113\" aria-label=\"Mehr Informationen \u00fcber Geht w\u00e4hlen!\">weiterlesen<\/a><\/p>\n","protected":false},"author":1,"featured_media":0,"comment_status":"open","ping_status":"open","sticky":false,"template":"","format":"standard","meta":{"footnotes":""},"categories":[1],"tags":[],"_links":{"self":[{"href":"https:\/\/www.konstantin-goerlich.de\/wordpress\/wp-json\/wp\/v2\/posts\/113"}],"collection":[{"href":"https:\/\/www.konstantin-goerlich.de\/wordpress\/wp-json\/wp\/v2\/posts"}],"about":[{"href":"https:\/\/www.konstantin-goerlich.de\/wordpress\/wp-json\/wp\/v2\/types\/post"}],"author":[{"embeddable":true,"href":"https:\/\/www.konstantin-goerlich.de\/wordpress\/wp-json\/wp\/v2\/users\/1"}],"replies":[{"embeddable":true,"href":"https:\/\/www.konstantin-goerlich.de\/wordpress\/wp-json\/wp\/v2\/comments?post=113"}],"version-history":[{"count":0,"href":"https:\/\/www.konstantin-goerlich.de\/wordpress\/wp-json\/wp\/v2\/posts\/113\/revisions"}],"wp:attachment":[{"href":"https:\/\/www.konstantin-goerlich.de\/wordpress\/wp-json\/wp\/v2\/media?parent=113"}],"wp:term":[{"taxonomy":"category","embeddable":true,"href":"https:\/\/www.konstantin-goerlich.de\/wordpress\/wp-json\/wp\/v2\/categories?post=113"},{"taxonomy":"post_tag","embeddable":true,"href":"https:\/\/www.konstantin-goerlich.de\/wordpress\/wp-json\/wp\/v2\/tags?post=113"}],"curies":[{"name":"wp","href":"https:\/\/api.w.org\/{rel}","templated":true}]}}