{"id":1114,"date":"2012-07-02T17:59:18","date_gmt":"2012-07-02T15:59:18","guid":{"rendered":"http:\/\/www.konstantin-goerlich.de\/wordpress\/?p=1114"},"modified":"2012-07-02T18:51:59","modified_gmt":"2012-07-02T16:51:59","slug":"uniwahl-freiburg-liberale-hsg-bei-plagiat-erwischt","status":"publish","type":"post","link":"https:\/\/www.konstantin-goerlich.de\/wordpress\/2012\/07\/02\/uniwahl-freiburg-liberale-hsg-bei-plagiat-erwischt\/","title":{"rendered":"Uniwahl #Freiburg: Liberale HSG bei Plagiat erwischt!"},"content":{"rendered":"<p>Falls es jemandem nicht aufgefallen ist: Es ist wieder Uniwahl. Darum auch die vielen bunten Plakate. Es geht \u2013 in aller K\u00fcrze \u2013 darum, zum wahrscheinlich letzten mal (weil Gr\u00fcn-Rot in Stuttgart grad m\u00e4chtig am Geschichte schreiben ist) eine unabh\u00e4ngige Studierendenvertretung als Ersatz f\u00fcr die in Baden-W\u00fcrttemberg seit 1977 verbotene Verfasste Studierendenschaft zu erm\u00f6glichen. Es ist also ein System- und kein Richtungswahlkampf.<\/p>\n<p>Das h\u00e4lt \u2013 wie jedes Jahr \u2013 die Hochschulgruppen der Parteien nicht vom Versuch ab, das zwingend notwendige u-Modell mit der Illusion zu torpedieren, man k\u00f6nne \u00fcber Inhalte abstimmen. Zu diesen hochschul- oder allgemeinpolitischen Punkten <em>darf<\/em> sich der asta, der gew\u00e4hlt wird, meist gar nicht \u00e4u\u00dfern.<\/p>\n<p>Wahrscheinlich w\u00e4ren auch die <a href=\"http:\/\/lhg-bw.de\/freiburg\/files\/2012\/03\/anwesenheitspflicht-lhg.pdf\">Forderungen zur Anwesenheitspflicht in Lehrveranstaltungen<\/a> davon betroffen, die die sog. &#8222;Liberale Hochschulgruppe&#8220; (LHG \u2013 nicht zu verwechseln mit dem Landeshochschulgesetz) erhebt. Das Problem liegt jedoch woanders: Wom\u00f6glich handelt es sich um fremde, jedenfalls aber nicht g\u00e4nzlich eigene Federn!<\/p>\n<p>Dieser Vorwurf wird derzeit auf der <a href=\"https:\/\/www.facebook.com\/lhgfreiburg\">Facebook-Wahlkampfseite<\/a> der LHG erhoben. Und tats\u00e4chlich:<\/p>\n<p><!--more--><\/p>\n<p>Bei der unabh\u00e4ngigen Studierendenvertretung findet sich ein in weiten Teilen wortgleiches oder gar noch ausf\u00fchrlicheres <a href=\"http:\/\/www.u-asta.uni-freiburg.de\/engagement\/aks\/akgutelehrestattap\/pdfs\/thesenpapier\">Dokument<\/a>. Eine Quellen- oder Autorenangabe fehlt dabei v\u00f6llig \u2013 dabei entstammt die Kopiervorlage (an dem immerhin u.a. Simon Hartmann, dieser Tage LHG-Kandidat auf dem aussichtslosen Platz 5, aber eben auch der damalige Vorstand des u-asta, David Koch, mitgeschrieben hatten) offensichtlich einem <a href=\"http:\/\/www.u-asta.uni-freiburg.de\/engagement\/aks\/akgutelehrestattap\">u-asta-Arbeitskreis<\/a>!<\/p>\n<p>Da hat sich die Hochschul-Kaderschmiede der FDP wohl an Parteifreundin Silvana Koch-Mehrin orientiert, die es ja mit korrekten Quellenangaben auch nicht immer so genau genommen haben soll&#8230;<\/p>\n<p>Im Gegensatz zu dieser erdreistet sich die LHG jedoch, von &#8222;unsere[m] Thesenpapier&#8220; zu sprechen und der Studierendenvertretung gar Verzug vorzuwerfen, indem sie frech behauptet, die Abschaffung der Anwesenheitspflicht werde &#8222;inzwischen auch&#8220; von dieser gefordert.<\/p>\n<p>Der Schwindel flog jedoch auf. Ein Facebookkommentar zeigt, da\u00df es um mehr als die erw\u00e4hnte Kopiervorlage geht: &#8222;Das Thema selbst und die vorbereitende Auseinandersetzung ist dabei schon wesentlich \u00e4lter&#8220;. Und auch David Koch meldet sich zu Wort:<\/p>\n<blockquote><p>Ich halte es hingegen f\u00fcr unangemessen, dass ihr euch jetzt mit einem Thesenpapier pr\u00e4sentiert, welches das Papier von Simon und mir mit ein paar Wort\u00e4nderungen ist. Ihr macht Wahlkampf mit einem <strong>Plagiat<\/strong>!<\/p><\/blockquote>\n<p>So sieht&#8217;s wohl aus.<img loading=\"lazy\" decoding=\"async\" src=\"http:\/\/vg05.met.vgwort.de\/na\/e12560a75ce74b3cb606b59a979a25eb\" width=\"1\" height=\"1\" alt=\"\"><\/p>\n","protected":false},"excerpt":{"rendered":"<p>Falls es jemandem nicht aufgefallen ist: Es ist wieder Uniwahl. Darum auch die vielen bunten Plakate. Es geht \u2013 in aller K\u00fcrze \u2013 darum, zum wahrscheinlich letzten mal (weil Gr\u00fcn-Rot in Stuttgart grad m\u00e4chtig am Geschichte schreiben ist) eine unabh\u00e4ngige Studierendenvertretung als Ersatz f\u00fcr die in Baden-W\u00fcrttemberg seit 1977 verbotene Verfasste Studierendenschaft zu erm\u00f6glichen. Es &#8230; <\/p>\n<p class=\"read-more-container\"><a title=\"Uniwahl #Freiburg: Liberale HSG bei Plagiat erwischt!\" class=\"read-more button\" href=\"https:\/\/www.konstantin-goerlich.de\/wordpress\/2012\/07\/02\/uniwahl-freiburg-liberale-hsg-bei-plagiat-erwischt\/#more-1114\" aria-label=\"Mehr Informationen \u00fcber Uniwahl #Freiburg: Liberale HSG bei Plagiat erwischt!\">weiterlesen<\/a><\/p>\n","protected":false},"author":1,"featured_media":0,"comment_status":"open","ping_status":"open","sticky":false,"template":"","format":"standard","meta":{"footnotes":""},"categories":[1],"tags":[],"_links":{"self":[{"href":"https:\/\/www.konstantin-goerlich.de\/wordpress\/wp-json\/wp\/v2\/posts\/1114"}],"collection":[{"href":"https:\/\/www.konstantin-goerlich.de\/wordpress\/wp-json\/wp\/v2\/posts"}],"about":[{"href":"https:\/\/www.konstantin-goerlich.de\/wordpress\/wp-json\/wp\/v2\/types\/post"}],"author":[{"embeddable":true,"href":"https:\/\/www.konstantin-goerlich.de\/wordpress\/wp-json\/wp\/v2\/users\/1"}],"replies":[{"embeddable":true,"href":"https:\/\/www.konstantin-goerlich.de\/wordpress\/wp-json\/wp\/v2\/comments?post=1114"}],"version-history":[{"count":5,"href":"https:\/\/www.konstantin-goerlich.de\/wordpress\/wp-json\/wp\/v2\/posts\/1114\/revisions"}],"predecessor-version":[{"id":1119,"href":"https:\/\/www.konstantin-goerlich.de\/wordpress\/wp-json\/wp\/v2\/posts\/1114\/revisions\/1119"}],"wp:attachment":[{"href":"https:\/\/www.konstantin-goerlich.de\/wordpress\/wp-json\/wp\/v2\/media?parent=1114"}],"wp:term":[{"taxonomy":"category","embeddable":true,"href":"https:\/\/www.konstantin-goerlich.de\/wordpress\/wp-json\/wp\/v2\/categories?post=1114"},{"taxonomy":"post_tag","embeddable":true,"href":"https:\/\/www.konstantin-goerlich.de\/wordpress\/wp-json\/wp\/v2\/tags?post=1114"}],"curies":[{"name":"wp","href":"https:\/\/api.w.org\/{rel}","templated":true}]}}