{"id":1104,"date":"2012-04-12T10:40:59","date_gmt":"2012-04-12T08:40:59","guid":{"rendered":"http:\/\/www.konstantin-goerlich.de\/wordpress\/?p=1104"},"modified":"2012-04-12T10:41:57","modified_gmt":"2012-04-12T08:41:57","slug":"alle-gegen-bild","status":"publish","type":"post","link":"https:\/\/www.konstantin-goerlich.de\/wordpress\/2012\/04\/12\/alle-gegen-bild\/","title":{"rendered":"Alle gegen BILD."},"content":{"rendered":"<p>Anl\u00e4sslich des 60-j\u00e4hrigen Bestehens der BILD-\u201dZeitung\u201d plant der Springer-Verlag, am 23. Juni 2012 allen deutschen Haushalten eine BILD zu schicken. Die Initiative \u201e<a href=\"http:\/\/alle-gegen-bild.de\/\" target=\"_blank\">Alle gegen BILD<\/a>\u201c und Campact bieten die M\u00f6glichkeit, der Zustellung einfach und rechtswirksam zu widersprechen.<\/p>\n<p><a href=\"http:\/\/www.alle-gegen-bild.de\"><img loading=\"lazy\" decoding=\"async\" class=\"alignnone size-full wp-image-1105\" title=\"allegegenbild_w600\" src=\"https:\/\/www.konstantin-goerlich.de\/wordpress\/wp-content\/uploads\/2012\/04\/allegegenbild_w600.jpg\" alt=\"\" width=\"600\" height=\"240\" srcset=\"https:\/\/www.konstantin-goerlich.de\/wordpress\/wp-content\/uploads\/2012\/04\/allegegenbild_w600.jpg 600w, https:\/\/www.konstantin-goerlich.de\/wordpress\/wp-content\/uploads\/2012\/04\/allegegenbild_w600-150x60.jpg 150w, https:\/\/www.konstantin-goerlich.de\/wordpress\/wp-content\/uploads\/2012\/04\/allegegenbild_w600-300x120.jpg 300w\" sizes=\"(max-width: 600px) 100vw, 600px\" \/><\/a><\/p>\n<p>Ich habe das soeben, als die Aktion startete, getan, und kann Euch nur aufrufen, es auch zu tun. Das ganze ist nicht nur praktikabler, als mit Klebeband dem Briefkasten zu Leibe zu r\u00fccken. Es ist f\u00fcr mich auch<!--more--> ein Zeichen gegen die unreflektierte Hetze, die von vielerlei Stellen derzeit gegen eine vermeintliche (weil kaum zu realisierende) &#8222;Anonymit\u00e4t im Internet&#8220; stattfindet.<\/p>\n<p>Sogar <a href=\"http:\/\/fudder.de\/artikel\/2012\/04\/10\/piratenpartei-reagiert-mit-offenem-brief-auf-kritik-von-freiburger-dekan-engelhardt\/\" target=\"_blank\">Kirchenm\u00e4nner<\/a> verga\u00dfen einen Moment lang die N\u00e4chstenliebe und lie\u00dfen sich f\u00fcr diese Hexenjagd einspannen: Mit Bezug zu dem Mord an einer Elfj\u00e4hrigen in Emden verurteilten sie jene, die zu schwach waren, der Hetze zu widerstehen: reale Hassreden und Lynchjustizaufforderungen realer Menschen fanden auf Facebook und auf der Stra\u00dfe statt, mithin in der Realit\u00e4t, nicht in einer virtuellen Schattenwelt und erst recht nicht anonym.<\/p>\n<p>Auch nicht anonym war die Vorverurteilung des ersten Verd\u00e4chtigen, eines Siebzehnj\u00e4hrigen, der sich kurze Zeit sp\u00e4ter als Unschuldiger entpuppte. Wenn eine Zeitung titelt &#8222;Polizei sicher: [&#8230;] (11) von Sch\u00fcler get\u00f6tet!&#8220;, dann wird das W\u00f6rtchen &#8222;mutma\u00dflich&#8220; zur leeren H\u00fclle ohne Bedeutung, und die Unschuldsvermutung wird zerrieben zwischen Sensationsgier und &#8222;gesundem Volksempfinden&#8220;. Dann von einem &#8222;facebook-Aufruf&#8220; zu sprechen, der zum ganz realen Lynchmob vor dem Polizeirevier f\u00fchrte \u2013 da fehlen einem die Worte.<\/p>\n<p>Die ganze Geschichte <a href=\"http:\/\/www.bildblog.de\/37768\/monster-erschaffen\/\" target=\"_blank\">erz\u00e4hlt das BILDblog nach<\/a>, denn die hier mehr als berichtend t\u00e4tig gewordene Zeitung war nat\u00fcrlich jene mit den vier Buchstaben. Und solange das BILDblog eine so offensichtliche Namens- und Existenzberechtigung hat, ist auch die Aktion &#8222;Alle gegen BILD&#8220; notwendig. Wir wollen eure Hetze nicht!<\/p>\n","protected":false},"excerpt":{"rendered":"<p>Anl\u00e4sslich des 60-j\u00e4hrigen Bestehens der BILD-\u201dZeitung\u201d plant der Springer-Verlag, am 23. Juni 2012 allen deutschen Haushalten eine BILD zu schicken. Die Initiative \u201eAlle gegen BILD\u201c und Campact bieten die M\u00f6glichkeit, der Zustellung einfach und rechtswirksam zu widersprechen. Ich habe das soeben, als die Aktion startete, getan, und kann Euch nur aufrufen, es auch zu tun. &#8230; <\/p>\n<p class=\"read-more-container\"><a title=\"Alle gegen BILD.\" class=\"read-more button\" href=\"https:\/\/www.konstantin-goerlich.de\/wordpress\/2012\/04\/12\/alle-gegen-bild\/#more-1104\" aria-label=\"Mehr Informationen \u00fcber Alle gegen BILD.\">weiterlesen<\/a><\/p>\n","protected":false},"author":1,"featured_media":0,"comment_status":"open","ping_status":"open","sticky":false,"template":"","format":"standard","meta":{"footnotes":""},"categories":[1],"tags":[],"_links":{"self":[{"href":"https:\/\/www.konstantin-goerlich.de\/wordpress\/wp-json\/wp\/v2\/posts\/1104"}],"collection":[{"href":"https:\/\/www.konstantin-goerlich.de\/wordpress\/wp-json\/wp\/v2\/posts"}],"about":[{"href":"https:\/\/www.konstantin-goerlich.de\/wordpress\/wp-json\/wp\/v2\/types\/post"}],"author":[{"embeddable":true,"href":"https:\/\/www.konstantin-goerlich.de\/wordpress\/wp-json\/wp\/v2\/users\/1"}],"replies":[{"embeddable":true,"href":"https:\/\/www.konstantin-goerlich.de\/wordpress\/wp-json\/wp\/v2\/comments?post=1104"}],"version-history":[{"count":2,"href":"https:\/\/www.konstantin-goerlich.de\/wordpress\/wp-json\/wp\/v2\/posts\/1104\/revisions"}],"predecessor-version":[{"id":1107,"href":"https:\/\/www.konstantin-goerlich.de\/wordpress\/wp-json\/wp\/v2\/posts\/1104\/revisions\/1107"}],"wp:attachment":[{"href":"https:\/\/www.konstantin-goerlich.de\/wordpress\/wp-json\/wp\/v2\/media?parent=1104"}],"wp:term":[{"taxonomy":"category","embeddable":true,"href":"https:\/\/www.konstantin-goerlich.de\/wordpress\/wp-json\/wp\/v2\/categories?post=1104"},{"taxonomy":"post_tag","embeddable":true,"href":"https:\/\/www.konstantin-goerlich.de\/wordpress\/wp-json\/wp\/v2\/tags?post=1104"}],"curies":[{"name":"wp","href":"https:\/\/api.w.org\/{rel}","templated":true}]}}