{"id":1088,"date":"2012-02-21T16:18:26","date_gmt":"2012-02-21T15:18:26","guid":{"rendered":"http:\/\/www.konstantin-goerlich.de\/wordpress\/?p=1088"},"modified":"2012-02-21T18:04:04","modified_gmt":"2012-02-21T17:04:04","slug":"wer-sich-in-die-quelle-begibt-kommt-darin-um","status":"publish","type":"post","link":"https:\/\/www.konstantin-goerlich.de\/wordpress\/2012\/02\/21\/wer-sich-in-die-quelle-begibt-kommt-darin-um\/","title":{"rendered":"Wer sich in die Quelle begibt, kommt darin um."},"content":{"rendered":"<p>So soll es einst in der Bibliothek des historischen Seminars der Uni Freiburg an die Wand gepinselt gestanden haben. <a href=\"http:\/\/blog.karlshochschule.de\/2012\/02\/20\/gauck-in-der-filterbubble-oder-wie-wir-lernten-den-kontext-zu-ignorieren\/\" target=\"_blank\">Patrick Breitenbach hat sich in die Quellen begeben<\/a>, die zu von und \u00fcber Joachim Gauck zitiert werden und hat einen nicht nur un- sondern falsch verstandenen Pr\u00e4sidentschaftskandidaten gefunden. &#8222;Zitiert&#8220; ist hierbei das falsche Wort: sie werden verk\u00fcrzt, verhunzt, verdreht, und was \u00fcbrig bleibt ist eine aufgehetzte Welle fanatisierender Pseudofakten, die von Filterblase zu Filterblase springt. Gauck ein <strong>Sarrazin<\/strong>fan, ein <strong>Vorratsdaten<\/strong>speicherer, ein Kommunistenfresser gar, der systemkritische Demonstrationen <strong>albern<\/strong> findet? Und den soll &#8222;das Netz&#8220; vor zwei Jahren nicht genauso schnell als solchen erkannt haben, sondern ihn stattdessen in den Tagen und Wochen vor der Bundesversammlung zu ihrem Pr\u00e4sidenten #mygauck gemacht haben? srsly?<\/p>\n<p>Breitenbach erkennt das Dilemma ganz richtig:<\/p>\n<blockquote><p>Gauck [&#8230;] ist ein sehr reflektierter Mensch mit der Eigenschaft, Themen differenziert zu betrachten [&#8230;]. Aber genau diese abw\u00e4gende Herangehensweise wird ihm nat\u00fcrlich bei so fragmentartiger Berichterstattung zum Verh\u00e4ngnis. Wenn er beide Seiten beleuchten will, wird ihm nur eine Seite aus dem Mund genommen und in einen v\u00f6llig neuen Kontext gelegt. Die gro\u00dfe Schlagzeile eben, die am Ende in den K\u00f6pfen h\u00e4ngen bleibt.<\/p><\/blockquote>\n<p>Was war passiert?<!--more--> Diese Frage bringt eines schon an den Tag: Das ganze ist kaum 24 Stunden her. Was wir jetzt noch sp\u00fcren, ist der versp\u00e4tete Nachhall eines ausgemachten Sturms im Wasserglas. Leider in einem verdammt gro\u00dfen Wasserglas. <a href=\"http:\/\/www.cicero.de\/berliner-republik\/wie-das-netz-den-boesen-gauck-erfand\/48369\" target=\"_blank\">Christian Jakubetz zeichnet im Cicero nach, wie das Netz den b\u00f6sen Gauck erfand<\/a>: vor allem schnell und unreflektiert. Aber auch so m\u00e4chtig, da\u00df schon bei Jauch am Sonntagabend und noch in der Tagesschau am Montagabend einige der Vorw\u00fcrfe? Thesen? Memes! einer Erw\u00e4hnung w\u00fcrdig erschienen.<\/p>\n<p><a href=\"W\u00e4hrend Wulffs Amstzeit sind Netz- und Medien\u00f6ffentlichkeit miteinander verschmolzen. Sie bleiben es auch in der Sache Gauck\" target=\"_blank\">Sebastian D\u00f6rfler beschreibt im Freitag sehr sch\u00f6n<\/a> die Meinungszentrifuge, die sich gedreht hatte:<\/p>\n<blockquote><p>In der &#8222;Aff\u00e4re Wulff&#8220; fielen [&#8230;] der mediale Trend zur Personalisierung und der digitale zur totalen Meinungs\u00e4u\u00dferung \u00fcber mehrere Wochen zusammen. [&#8230;] Netz- und Medien\u00f6ffentlichkeit sind miteinander verschmolzen. Sie bleiben es auch in der Sache Gauck.<\/p><\/blockquote>\n<p>Dabei ist es fast egal, ob Oberfl\u00e4chlichkeit Schnelligkeit bedingt, oder andersrum. &#8222;Liebes Internet, bitte nimm dir in Zukunft etwas mehr Zeit zum zuh\u00f6ren und nachlesen!&#8220; k\u00f6nnte man zusammengefasst ausrufen, wenn man D\u00f6rflers Bef\u00fcrchtung ernst nimmt, da\u00df das in Zukunft so weitergeht. Zur selbstverst\u00e4rkenden Welle im Netz kommt aber noch die ebenfalls verst\u00e4rkende (alt)mediale Welle, und so zeigt sich bei #notmypresident das, was sich immer zeigt: Medienkompetenz ist Mangelware, angeblich sogar bei den Medien. Wer daf\u00fcr ein Lobo-Zitat braucht, <a href=\"http:\/\/www.spiegel.de\/netzwelt\/web\/0,1518,816601,00.html\" target=\"_blank\">bittesehr<\/a>:<\/p>\n<blockquote><p>Das Zitat ist die Basis der sozialen Medien &#8211; aber es erfordert klassische Medienkompetenz, um es nicht verf\u00e4lschend zu verwenden.<\/p><\/blockquote>\n<p>Medienkompetenz my ass! Wir haben doch relativ schnell herausgefunden, was passiert war. <del>Sogar<\/del> <a href=\"http:\/\/faz-community.faz.net\/blogs\/allerseelen\/archive\/2012\/02\/20\/kurz-und-gauck.aspx\" target=\"_blank\">Julia Seeliger \u00fcbte sich in Selbstkritik<\/a>\u00a0und fand bei Gauck selbst einen Satz, den man auch auf den netzmedialen Antihype um #Gauck beziehen kann:<\/p>\n<blockquote><p>Ich bin unglaublich allergisch gegen\u00fcber einer Politik, die ma\u00dfgeblich auf Angstreflexe setzt. [&#8230;] Wir sollen auf Aktionsformen verzichten, die auf die Angst von Menschen setzen und daraus eine Dynamik ableiten.<\/p><\/blockquote>\n<p>Wenn die Hasswelle im Netz aus etwas bestand, dann aus Angst, Reflex und Dynamik. Ein jeder tut gut daran, diese Muster in Zukunft zielsicherer zu erkennen, um sie bestenfalls zu vermeiden oder wenigstens damit umgehen zu k\u00f6nnen. Sonst besteht die Gefahr, da\u00df Gauck zum unverstandenen Pr\u00e4sidenten wird, zum falsch zitierten Dinosaurier in einer sogar f\u00fcr sich selbst zu schnellen Medienwelt, die dann titelt: &#8222;Deutschland zu schnell f\u00fcr Gauck!&#8220;, die damit meint &#8222;Die Deutschen verstehen ihren Pr\u00e4sidenten nicht, weil sie zu hastig und oberfl\u00e4chlich sind.&#8220;, was aber verstanden wird als &#8222;Gauck zu langsam!&#8220;.\u00a0Bitte nicht!<\/p>\n<p><em>Wem das jetzt zu schnell ging, lese bitte nochmal <a href=\"http:\/\/blog.karlshochschule.de\/2012\/02\/20\/gauck-in-der-filterbubble-oder-wie-wir-lernten-den-kontext-zu-ignorieren\/\" target=\"_blank\">Breitenbach<\/a>. Genau und in Ruhe.<\/em><\/p>\n","protected":false},"excerpt":{"rendered":"<p>So soll es einst in der Bibliothek des historischen Seminars der Uni Freiburg an die Wand gepinselt gestanden haben. Patrick Breitenbach hat sich in die Quellen begeben, die zu von und \u00fcber Joachim Gauck zitiert werden und hat einen nicht nur un- sondern falsch verstandenen Pr\u00e4sidentschaftskandidaten gefunden. &#8222;Zitiert&#8220; ist hierbei das falsche Wort: sie werden &#8230; <\/p>\n<p class=\"read-more-container\"><a title=\"Wer sich in die Quelle begibt, kommt darin um.\" class=\"read-more button\" href=\"https:\/\/www.konstantin-goerlich.de\/wordpress\/2012\/02\/21\/wer-sich-in-die-quelle-begibt-kommt-darin-um\/#more-1088\" aria-label=\"Mehr Informationen \u00fcber Wer sich in die Quelle begibt, kommt darin um.\">weiterlesen<\/a><\/p>\n","protected":false},"author":1,"featured_media":0,"comment_status":"open","ping_status":"open","sticky":false,"template":"","format":"standard","meta":{"footnotes":""},"categories":[1],"tags":[],"_links":{"self":[{"href":"https:\/\/www.konstantin-goerlich.de\/wordpress\/wp-json\/wp\/v2\/posts\/1088"}],"collection":[{"href":"https:\/\/www.konstantin-goerlich.de\/wordpress\/wp-json\/wp\/v2\/posts"}],"about":[{"href":"https:\/\/www.konstantin-goerlich.de\/wordpress\/wp-json\/wp\/v2\/types\/post"}],"author":[{"embeddable":true,"href":"https:\/\/www.konstantin-goerlich.de\/wordpress\/wp-json\/wp\/v2\/users\/1"}],"replies":[{"embeddable":true,"href":"https:\/\/www.konstantin-goerlich.de\/wordpress\/wp-json\/wp\/v2\/comments?post=1088"}],"version-history":[{"count":5,"href":"https:\/\/www.konstantin-goerlich.de\/wordpress\/wp-json\/wp\/v2\/posts\/1088\/revisions"}],"predecessor-version":[{"id":1093,"href":"https:\/\/www.konstantin-goerlich.de\/wordpress\/wp-json\/wp\/v2\/posts\/1088\/revisions\/1093"}],"wp:attachment":[{"href":"https:\/\/www.konstantin-goerlich.de\/wordpress\/wp-json\/wp\/v2\/media?parent=1088"}],"wp:term":[{"taxonomy":"category","embeddable":true,"href":"https:\/\/www.konstantin-goerlich.de\/wordpress\/wp-json\/wp\/v2\/categories?post=1088"},{"taxonomy":"post_tag","embeddable":true,"href":"https:\/\/www.konstantin-goerlich.de\/wordpress\/wp-json\/wp\/v2\/tags?post=1088"}],"curies":[{"name":"wp","href":"https:\/\/api.w.org\/{rel}","templated":true}]}}