{"id":104,"date":"2007-06-05T13:33:03","date_gmt":"2007-06-05T11:33:03","guid":{"rendered":"http:\/\/www.konstantin-goerlich.de\/wordpress\/2007\/06\/05\/die-uni-tickt-wieder-richtig\/"},"modified":"2007-06-05T13:33:03","modified_gmt":"2007-06-05T11:33:03","slug":"die-uni-tickt-wieder-richtig","status":"publish","type":"post","link":"https:\/\/www.konstantin-goerlich.de\/wordpress\/2007\/06\/05\/die-uni-tickt-wieder-richtig\/","title":{"rendered":"Die Uni tickt wieder richtig."},"content":{"rendered":"<p>Zumindest was die Uhr am T\u00fcrmle angeht. Am heutigen Vormittag zur besten Vorlesungsbesuchszeit wurde extra der gro\u00dfe blaue Jubil\u00e4umskran aufgebaut um unter Anteilnahme zahlreicher Schaulustiger die Zeiger einzustellen. Gestern n\u00e4mlich zeigten die vier Zifferbl\u00e4tter vier verschiedene Zeiten an. Die Schaulustigen h\u00e4tten m\u00f6glicherweise gern Ihre Vorlesung besucht, aber der Kran stand genau vor dem deshalb gesperrten aber f\u00fcr den inneruniversit\u00e4ren Fu\u00dfg\u00e4ngerverkehr unentbehrlichen Durchgang durch das KG1\/3. Macht aber nix: Jetzt wissen wir wenigstens alle wieder, was das St\u00fcndlein geschlagen hat.<br \/><i>Eine Frage noch, Herr Waldsch\u00fctz:<\/i> Bei den monatelangen Arbeiten am T\u00fcrmle ging es doch sicherlich nicht lediglich um die Uhr. Was wurde da noch alles gemacht?<\/p>\n<table>\n<tr>\n<td><a class=\"imagelink\" href=\"https:\/\/www.konstantin-goerlich.de\/wordpress\/wp-content\/uploads\/2007\/06\/kran2.jpg\" title=\"kran2.jpg\" rel=\"lightbox[104]\"><img decoding=\"async\" id=\"image101\" src=\"https:\/\/www.konstantin-goerlich.de\/wordpress\/wp-content\/uploads\/2007\/06\/kran2.thumbnail.jpg\" alt=\"kran2.jpg\" \/><\/a><\/td>\n<td width=\"20\"><\/td>\n<td><a class=\"imagelink\" href=\"https:\/\/www.konstantin-goerlich.de\/wordpress\/wp-content\/uploads\/2007\/06\/kran3.jpg\" title=\"kran3.jpg\" rel=\"lightbox[104]\"><img decoding=\"async\" id=\"image103\" src=\"https:\/\/www.konstantin-goerlich.de\/wordpress\/wp-content\/uploads\/2007\/06\/kran3.thumbnail.jpg\" alt=\"kran3.jpg\" \/><\/a><\/td>\n<td width=\"20\"><\/td>\n<td><a class=\"imagelink\" href=\"https:\/\/www.konstantin-goerlich.de\/wordpress\/wp-content\/uploads\/2007\/06\/kran1.jpg\" title=\"kran1.jpg\" rel=\"lightbox[104]\"><img decoding=\"async\" id=\"image102\" src=\"https:\/\/www.konstantin-goerlich.de\/wordpress\/wp-content\/uploads\/2007\/06\/kran1.thumbnail.jpg\" alt=\"kran1.jpg\" \/><\/a><\/td>\n<\/tr>\n<\/table>\n","protected":false},"excerpt":{"rendered":"<p>Zumindest was die Uhr am T\u00fcrmle angeht. Am heutigen Vormittag zur besten Vorlesungsbesuchszeit wurde extra der gro\u00dfe blaue Jubil\u00e4umskran aufgebaut um unter Anteilnahme zahlreicher Schaulustiger die Zeiger einzustellen. Gestern n\u00e4mlich zeigten die vier Zifferbl\u00e4tter vier verschiedene Zeiten an. Die Schaulustigen h\u00e4tten m\u00f6glicherweise gern Ihre Vorlesung besucht, aber der Kran stand genau vor dem deshalb gesperrten &#8230; <\/p>\n<p class=\"read-more-container\"><a title=\"Die Uni tickt wieder richtig.\" class=\"read-more button\" href=\"https:\/\/www.konstantin-goerlich.de\/wordpress\/2007\/06\/05\/die-uni-tickt-wieder-richtig\/#more-104\" aria-label=\"Mehr Informationen \u00fcber Die Uni tickt wieder richtig.\">weiterlesen<\/a><\/p>\n","protected":false},"author":1,"featured_media":0,"comment_status":"open","ping_status":"open","sticky":false,"template":"","format":"standard","meta":{"footnotes":""},"categories":[1],"tags":[],"_links":{"self":[{"href":"https:\/\/www.konstantin-goerlich.de\/wordpress\/wp-json\/wp\/v2\/posts\/104"}],"collection":[{"href":"https:\/\/www.konstantin-goerlich.de\/wordpress\/wp-json\/wp\/v2\/posts"}],"about":[{"href":"https:\/\/www.konstantin-goerlich.de\/wordpress\/wp-json\/wp\/v2\/types\/post"}],"author":[{"embeddable":true,"href":"https:\/\/www.konstantin-goerlich.de\/wordpress\/wp-json\/wp\/v2\/users\/1"}],"replies":[{"embeddable":true,"href":"https:\/\/www.konstantin-goerlich.de\/wordpress\/wp-json\/wp\/v2\/comments?post=104"}],"version-history":[{"count":0,"href":"https:\/\/www.konstantin-goerlich.de\/wordpress\/wp-json\/wp\/v2\/posts\/104\/revisions"}],"wp:attachment":[{"href":"https:\/\/www.konstantin-goerlich.de\/wordpress\/wp-json\/wp\/v2\/media?parent=104"}],"wp:term":[{"taxonomy":"category","embeddable":true,"href":"https:\/\/www.konstantin-goerlich.de\/wordpress\/wp-json\/wp\/v2\/categories?post=104"},{"taxonomy":"post_tag","embeddable":true,"href":"https:\/\/www.konstantin-goerlich.de\/wordpress\/wp-json\/wp\/v2\/tags?post=104"}],"curies":[{"name":"wp","href":"https:\/\/api.w.org\/{rel}","templated":true}]}}