{"id":1016,"date":"2012-02-11T19:12:56","date_gmt":"2012-02-11T18:12:56","guid":{"rendered":"http:\/\/www.konstantin-goerlich.de\/wordpress\/?p=1016"},"modified":"2012-02-13T17:20:12","modified_gmt":"2012-02-13T16:20:12","slug":"acta-gestoppt","status":"publish","type":"post","link":"https:\/\/www.konstantin-goerlich.de\/wordpress\/2012\/02\/11\/acta-gestoppt\/","title":{"rendered":"#ACTA gestoppt."},"content":{"rendered":"<p style=\"text-align: left;\"><strong>UPDATE (13.2., 17 Uhr)<\/strong>: Jetzt habe ich mal noch mehr dazu aufgeschrieben. Welche Hoffnung ich mit der neuen Bewegung verbinde, steht hier: <a href=\"https:\/\/www.konstantin-goerlich.de\/wordpress\/2012\/02\/13\/die-revolution-digitalisiert-ihre-kinder\/\">Die Revolution digitalisiert ihre Kinder<\/a>.<\/p>\n<p style=\"text-align: left;\"><a href=\"https:\/\/www.konstantin-goerlich.de\/wordpress\/wp-content\/uploads\/2012\/02\/acta_rhp_pano.jpg\" rel=\"lightbox[1016]\"><img loading=\"lazy\" decoding=\"async\" class=\"wp-image-1018\" title=\"acta_rhp_pano\" src=\"https:\/\/www.konstantin-goerlich.de\/wordpress\/wp-content\/uploads\/2012\/02\/acta_rhp_pano.jpg\" alt=\"ACTA-Demo auf dem Rathausplatz Freiburg. Panorama.\" width=\"600\" height=\"166\" srcset=\"https:\/\/www.konstantin-goerlich.de\/wordpress\/wp-content\/uploads\/2012\/02\/acta_rhp_pano.jpg 1200w, https:\/\/www.konstantin-goerlich.de\/wordpress\/wp-content\/uploads\/2012\/02\/acta_rhp_pano-150x41.jpg 150w, https:\/\/www.konstantin-goerlich.de\/wordpress\/wp-content\/uploads\/2012\/02\/acta_rhp_pano-300x83.jpg 300w, https:\/\/www.konstantin-goerlich.de\/wordpress\/wp-content\/uploads\/2012\/02\/acta_rhp_pano-1024x282.jpg 1024w\" sizes=\"(max-width: 600px) 100vw, 600px\" \/><\/a><\/p>\n<p style=\"text-align: left;\">Wie in ganz Deutschland und Europa zog heute auch durch Freiburg eine Demo gegen ACTA, das vermeintliche Anti-Piraterie-Abkommen, das man auf so vielen verschiedenen Ebenen kritisieren kann und muss. Gut und gerne 1200 Demonstranten hatten sich am Nachmittag in einem langen Demonstrationszug auf den Kartoffelmarkt begeben.<!--more--><\/p>\n<p style=\"text-align: left;\">Darunter waren neben etlichen grauen Haaren vor allem auff\u00e4llig viele sehr junge Leute und auff\u00e4llig wenige und sehr kleine Parteibl\u00f6cke. <strong>Diese neue Bewegung ist jung und \u00fcberparteilich. Es demonstrierte keine politische Gruppe, sondern das Internet.<\/strong> Nicht mehr und nicht weniger. Hier noch ein paar Bilder. (und: ja, das ist die Flagge der Sowjetunion. #wtf)<\/p>\n<p><a href=\"https:\/\/www.konstantin-goerlich.de\/wordpress\/wp-content\/uploads\/2012\/02\/acta_rhp_front.jpg\" rel=\"lightbox[1016]\"><img loading=\"lazy\" decoding=\"async\" class=\"alignleft size-full wp-image-1025\" style=\"margin-bottom: 10px;\" title=\"acta_rhp_front\" src=\"https:\/\/www.konstantin-goerlich.de\/wordpress\/wp-content\/uploads\/2012\/02\/acta_rhp_front.jpg\" alt=\"\" width=\"600\" height=\"338\" srcset=\"https:\/\/www.konstantin-goerlich.de\/wordpress\/wp-content\/uploads\/2012\/02\/acta_rhp_front.jpg 600w, https:\/\/www.konstantin-goerlich.de\/wordpress\/wp-content\/uploads\/2012\/02\/acta_rhp_front-150x85.jpg 150w, https:\/\/www.konstantin-goerlich.de\/wordpress\/wp-content\/uploads\/2012\/02\/acta_rhp_front-300x169.jpg 300w\" sizes=\"(max-width: 600px) 100vw, 600px\" \/><\/a><br \/>\n<a href=\"https:\/\/www.konstantin-goerlich.de\/wordpress\/wp-content\/uploads\/2012\/02\/acta_rhp_rede.jpg\" rel=\"lightbox[1016]\"><img loading=\"lazy\" decoding=\"async\" class=\"size-medium wp-image-1026 alignnone\" title=\"acta_rhp_rede\" src=\"https:\/\/www.konstantin-goerlich.de\/wordpress\/wp-content\/uploads\/2012\/02\/acta_rhp_rede-300x171.jpg\" alt=\"\" width=\"300\" height=\"171\" \/><\/a><a href=\"https:\/\/www.konstantin-goerlich.de\/wordpress\/wp-content\/uploads\/2012\/02\/acta_rhp_trollizei.jpg\" rel=\"lightbox[1016]\"><img loading=\"lazy\" decoding=\"async\" class=\"wp-image-1027 alignnone\" style=\"margin-left: 10px;\" title=\"acta_rhp_trollizei\" src=\"https:\/\/www.konstantin-goerlich.de\/wordpress\/wp-content\/uploads\/2012\/02\/acta_rhp_trollizei-300x177.jpg\" alt=\"\" width=\"290\" height=\"171\" \/><\/a><br \/>\n<a href=\"https:\/\/www.konstantin-goerlich.de\/wordpress\/wp-content\/uploads\/2012\/02\/acta_rhp_viele.jpg\" rel=\"lightbox[1016]\"><img loading=\"lazy\" decoding=\"async\" class=\"alignnone size-full wp-image-1055\" style=\"margin-top: 10px; margin-bottom: 15px;\" title=\"acta_rhp_viele\" src=\"https:\/\/www.konstantin-goerlich.de\/wordpress\/wp-content\/uploads\/2012\/02\/acta_rhp_viele.jpg\" alt=\"\" width=\"600\" height=\"265\" srcset=\"https:\/\/www.konstantin-goerlich.de\/wordpress\/wp-content\/uploads\/2012\/02\/acta_rhp_viele.jpg 600w, https:\/\/www.konstantin-goerlich.de\/wordpress\/wp-content\/uploads\/2012\/02\/acta_rhp_viele-150x66.jpg 150w, https:\/\/www.konstantin-goerlich.de\/wordpress\/wp-content\/uploads\/2012\/02\/acta_rhp_viele-300x133.jpg 300w\" sizes=\"(max-width: 600px) 100vw, 600px\" \/><\/a><\/p>\n","protected":false},"excerpt":{"rendered":"<p>UPDATE (13.2., 17 Uhr): Jetzt habe ich mal noch mehr dazu aufgeschrieben. Welche Hoffnung ich mit der neuen Bewegung verbinde, steht hier: Die Revolution digitalisiert ihre Kinder. Wie in ganz Deutschland und Europa zog heute auch durch Freiburg eine Demo gegen ACTA, das vermeintliche Anti-Piraterie-Abkommen, das man auf so vielen verschiedenen Ebenen kritisieren kann und &#8230; <\/p>\n<p class=\"read-more-container\"><a title=\"#ACTA gestoppt.\" class=\"read-more button\" href=\"https:\/\/www.konstantin-goerlich.de\/wordpress\/2012\/02\/11\/acta-gestoppt\/#more-1016\" aria-label=\"Mehr Informationen \u00fcber #ACTA gestoppt.\">weiterlesen<\/a><\/p>\n","protected":false},"author":1,"featured_media":0,"comment_status":"open","ping_status":"open","sticky":false,"template":"","format":"standard","meta":{"footnotes":""},"categories":[1],"tags":[],"_links":{"self":[{"href":"https:\/\/www.konstantin-goerlich.de\/wordpress\/wp-json\/wp\/v2\/posts\/1016"}],"collection":[{"href":"https:\/\/www.konstantin-goerlich.de\/wordpress\/wp-json\/wp\/v2\/posts"}],"about":[{"href":"https:\/\/www.konstantin-goerlich.de\/wordpress\/wp-json\/wp\/v2\/types\/post"}],"author":[{"embeddable":true,"href":"https:\/\/www.konstantin-goerlich.de\/wordpress\/wp-json\/wp\/v2\/users\/1"}],"replies":[{"embeddable":true,"href":"https:\/\/www.konstantin-goerlich.de\/wordpress\/wp-json\/wp\/v2\/comments?post=1016"}],"version-history":[{"count":37,"href":"https:\/\/www.konstantin-goerlich.de\/wordpress\/wp-json\/wp\/v2\/posts\/1016\/revisions"}],"predecessor-version":[{"id":1084,"href":"https:\/\/www.konstantin-goerlich.de\/wordpress\/wp-json\/wp\/v2\/posts\/1016\/revisions\/1084"}],"wp:attachment":[{"href":"https:\/\/www.konstantin-goerlich.de\/wordpress\/wp-json\/wp\/v2\/media?parent=1016"}],"wp:term":[{"taxonomy":"category","embeddable":true,"href":"https:\/\/www.konstantin-goerlich.de\/wordpress\/wp-json\/wp\/v2\/categories?post=1016"},{"taxonomy":"post_tag","embeddable":true,"href":"https:\/\/www.konstantin-goerlich.de\/wordpress\/wp-json\/wp\/v2\/tags?post=1016"}],"curies":[{"name":"wp","href":"https:\/\/api.w.org\/{rel}","templated":true}]}}